{"id":6215,"date":"2016-12-06T16:22:27","date_gmt":"2016-12-06T15:22:27","guid":{"rendered":"http:\/\/www.haibach-donau.at\/wp-volksschule3\/?p=6215"},"modified":"2016-12-06T16:22:27","modified_gmt":"2016-12-06T15:22:27","slug":"der-nikolaus-war-da","status":"publish","type":"post","link":"https:\/\/www.haibach-donau.at\/wp-volksschule3\/?p=6215","title":{"rendered":"Der Nikolaus war da..!"},"content":{"rendered":"<p><a href=\"http:\/\/www.haibach-donau.at\/wp-volksschule3\/?attachment_id=6205\" rel=\"attachment wp-att-6205\"><img loading=\"lazy\" decoding=\"async\" class=\"alignnone size-thumbnail wp-image-6205\" src=\"http:\/\/www.haibach-donau.at\/wp-volksschule3\/wp-content\/uploads\/2016\/12\/DSCN0091-150x150.jpg\" alt=\"dscn0091\" width=\"150\" height=\"150\" \/><\/a>\u00a0Am 6. Dezember \u00a0feierten die Kindergartenkinder und die Kinder der 1. Klasse erstmals gemeinsam das Nikolausfest.<\/p>\n<p><!--more--><\/p>\n<p><a href=\"http:\/\/www.haibach-donau.at\/wp-volksschule3\/?attachment_id=6206\" rel=\"attachment wp-att-6206\"><img loading=\"lazy\" decoding=\"async\" class=\"alignnone size-full wp-image-6206\" src=\"http:\/\/www.haibach-donau.at\/wp-volksschule3\/wp-content\/uploads\/2016\/12\/DSCN0092.jpg\" alt=\"dscn0092\" width=\"800\" height=\"600\" srcset=\"https:\/\/www.haibach-donau.at\/wp-volksschule3\/wp-content\/uploads\/2016\/12\/DSCN0092.jpg 800w, https:\/\/www.haibach-donau.at\/wp-volksschule3\/wp-content\/uploads\/2016\/12\/DSCN0092-300x225.jpg 300w, https:\/\/www.haibach-donau.at\/wp-volksschule3\/wp-content\/uploads\/2016\/12\/DSCN0092-768x576.jpg 768w\" sizes=\"(max-width: 800px) 100vw, 800px\" \/><\/a><\/p>\n<p>Der Bewegungsraum des Kindergartens war schon festlich vorbereitet, als die Schulkinder und unser Pastoralassistent, Herr Tobias Almer,eintrafen.<\/p>\n<p><a href=\"http:\/\/www.haibach-donau.at\/wp-volksschule3\/?attachment_id=6218\" rel=\"attachment wp-att-6218\"><img loading=\"lazy\" decoding=\"async\" class=\"alignnone size-full wp-image-6218\" src=\"http:\/\/www.haibach-donau.at\/wp-volksschule3\/wp-content\/uploads\/2016\/12\/DSCN0095.jpg\" alt=\"dscn0095\" width=\"800\" height=\"600\" srcset=\"https:\/\/www.haibach-donau.at\/wp-volksschule3\/wp-content\/uploads\/2016\/12\/DSCN0095.jpg 800w, https:\/\/www.haibach-donau.at\/wp-volksschule3\/wp-content\/uploads\/2016\/12\/DSCN0095-300x225.jpg 300w, https:\/\/www.haibach-donau.at\/wp-volksschule3\/wp-content\/uploads\/2016\/12\/DSCN0095-768x576.jpg 768w\" sizes=\"(max-width: 800px) 100vw, 800px\" \/><\/a><\/p>\n<p>Vor den Augen der KInder verwandelte sich Herr Almer in den Hl. Bischof Nikolaus.<\/p>\n<p><a href=\"http:\/\/www.haibach-donau.at\/wp-volksschule3\/?attachment_id=6207\" rel=\"attachment wp-att-6207\"><img loading=\"lazy\" decoding=\"async\" class=\"alignnone size-full wp-image-6207\" src=\"http:\/\/www.haibach-donau.at\/wp-volksschule3\/wp-content\/uploads\/2016\/12\/DSCN0096.jpg\" alt=\"dscn0096\" width=\"800\" height=\"600\" srcset=\"https:\/\/www.haibach-donau.at\/wp-volksschule3\/wp-content\/uploads\/2016\/12\/DSCN0096.jpg 800w, https:\/\/www.haibach-donau.at\/wp-volksschule3\/wp-content\/uploads\/2016\/12\/DSCN0096-300x225.jpg 300w, https:\/\/www.haibach-donau.at\/wp-volksschule3\/wp-content\/uploads\/2016\/12\/DSCN0096-768x576.jpg 768w\" sizes=\"(max-width: 800px) 100vw, 800px\" \/><\/a><\/p>\n<p>Andreas entz\u00fcndete \u00a0die zweite Kerze am Adventkranz&#8230;..<\/p>\n<p><a href=\"http:\/\/www.haibach-donau.at\/wp-volksschule3\/?attachment_id=6208\" rel=\"attachment wp-att-6208\"><img loading=\"lazy\" decoding=\"async\" class=\"alignnone size-full wp-image-6208\" src=\"http:\/\/www.haibach-donau.at\/wp-volksschule3\/wp-content\/uploads\/2016\/12\/DSCN0098.jpg\" alt=\"dscn0098\" width=\"450\" height=\"600\" srcset=\"https:\/\/www.haibach-donau.at\/wp-volksschule3\/wp-content\/uploads\/2016\/12\/DSCN0098.jpg 450w, https:\/\/www.haibach-donau.at\/wp-volksschule3\/wp-content\/uploads\/2016\/12\/DSCN0098-225x300.jpg 225w\" sizes=\"(max-width: 450px) 100vw, 450px\" \/><\/a><\/p>\n<p>&#8230; und Laurenz durfte den Stab vom Hl. Nikolaus halten.<\/p>\n<p><a href=\"http:\/\/www.haibach-donau.at\/wp-volksschule3\/?attachment_id=6211\" rel=\"attachment wp-att-6211\"><img loading=\"lazy\" decoding=\"async\" class=\"alignnone size-full wp-image-6211\" src=\"http:\/\/www.haibach-donau.at\/wp-volksschule3\/wp-content\/uploads\/2016\/12\/DSCN0102.jpg\" alt=\"dscn0102\" width=\"800\" height=\"600\" srcset=\"https:\/\/www.haibach-donau.at\/wp-volksschule3\/wp-content\/uploads\/2016\/12\/DSCN0102.jpg 800w, https:\/\/www.haibach-donau.at\/wp-volksschule3\/wp-content\/uploads\/2016\/12\/DSCN0102-300x225.jpg 300w, https:\/\/www.haibach-donau.at\/wp-volksschule3\/wp-content\/uploads\/2016\/12\/DSCN0102-768x576.jpg 768w\" sizes=\"(max-width: 800px) 100vw, 800px\" \/><\/a><\/p>\n<p>Die Kindergartenkinder trugen dem Nikolaus ein kleines Gedicht vor, die Erstklassler\u00a0sangen ein Lied f\u00fcr ihn.<\/p>\n<p><img loading=\"lazy\" decoding=\"async\" class=\"alignnone size-full wp-image-6212\" src=\"http:\/\/www.haibach-donau.at\/wp-volksschule3\/wp-content\/uploads\/2016\/12\/DSCN0104.jpg\" alt=\"dscn0104\" width=\"800\" height=\"600\" srcset=\"https:\/\/www.haibach-donau.at\/wp-volksschule3\/wp-content\/uploads\/2016\/12\/DSCN0104.jpg 800w, https:\/\/www.haibach-donau.at\/wp-volksschule3\/wp-content\/uploads\/2016\/12\/DSCN0104-300x225.jpg 300w, https:\/\/www.haibach-donau.at\/wp-volksschule3\/wp-content\/uploads\/2016\/12\/DSCN0104-768x576.jpg 768w\" sizes=\"(max-width: 800px) 100vw, 800px\" \/><\/p>\n<p>Der Nikolaus plauderte mit den Kindern.<\/p>\n<p><img loading=\"lazy\" decoding=\"async\" class=\"alignnone size-full wp-image-6213\" src=\"http:\/\/www.haibach-donau.at\/wp-volksschule3\/wp-content\/uploads\/2016\/12\/DSCN0105.jpg\" alt=\"dscn0105\" width=\"800\" height=\"600\" srcset=\"https:\/\/www.haibach-donau.at\/wp-volksschule3\/wp-content\/uploads\/2016\/12\/DSCN0105.jpg 800w, https:\/\/www.haibach-donau.at\/wp-volksschule3\/wp-content\/uploads\/2016\/12\/DSCN0105-300x225.jpg 300w, https:\/\/www.haibach-donau.at\/wp-volksschule3\/wp-content\/uploads\/2016\/12\/DSCN0105-768x576.jpg 768w\" sizes=\"(max-width: 800px) 100vw, 800px\" \/><\/p>\n<p>Nat\u00fcrlich hatte er ihnen auch etwas mitgebracht.<\/p>\n<p><a href=\"http:\/\/www.haibach-donau.at\/wp-volksschule3\/?attachment_id=6214\" rel=\"attachment wp-att-6214\"><img loading=\"lazy\" decoding=\"async\" class=\"alignnone size-full wp-image-6214\" src=\"http:\/\/www.haibach-donau.at\/wp-volksschule3\/wp-content\/uploads\/2016\/12\/DSCN0106.jpg\" alt=\"dscn0106\" width=\"800\" height=\"600\" srcset=\"https:\/\/www.haibach-donau.at\/wp-volksschule3\/wp-content\/uploads\/2016\/12\/DSCN0106.jpg 800w, https:\/\/www.haibach-donau.at\/wp-volksschule3\/wp-content\/uploads\/2016\/12\/DSCN0106-300x225.jpg 300w, https:\/\/www.haibach-donau.at\/wp-volksschule3\/wp-content\/uploads\/2016\/12\/DSCN0106-768x576.jpg 768w\" sizes=\"(max-width: 800px) 100vw, 800px\" \/><\/a><\/p>\n<p>In der Klasse durfte von den K\u00f6stlichkeiten gleich genascht werden, die Spiele werden gleich am n\u00e4chsten Tag \u00a0bei der Freiarbeit eingesetzt werden!<\/p>\n<p><a href=\"http:\/\/www.haibach-donau.at\/wp-volksschule3\/?attachment_id=6204\" rel=\"attachment wp-att-6204\"><img loading=\"lazy\" decoding=\"async\" class=\"alignnone size-full wp-image-6204\" src=\"http:\/\/www.haibach-donau.at\/wp-volksschule3\/wp-content\/uploads\/2016\/12\/DSCN0089.jpg\" alt=\"dscn0089\" width=\"800\" height=\"600\" srcset=\"https:\/\/www.haibach-donau.at\/wp-volksschule3\/wp-content\/uploads\/2016\/12\/DSCN0089.jpg 800w, https:\/\/www.haibach-donau.at\/wp-volksschule3\/wp-content\/uploads\/2016\/12\/DSCN0089-300x225.jpg 300w, https:\/\/www.haibach-donau.at\/wp-volksschule3\/wp-content\/uploads\/2016\/12\/DSCN0089-768x576.jpg 768w\" sizes=\"(max-width: 800px) 100vw, 800px\" \/><\/a><\/p>\n<p>Ein herzliches Dankesch\u00f6n an den Elternverein, der den Nikolaus beim Schenken gro\u00dfz\u00fcgig unterst\u00fctzt hat!<\/p>\n<p>&nbsp;<\/p>\n","protected":false},"excerpt":{"rendered":"<p>\u00a0Am 6. Dezember \u00a0feierten die Kindergartenkinder und die Kinder der 1. Klasse erstmals gemeinsam das Nikolausfest.<\/p>\n","protected":false},"author":5,"featured_media":0,"comment_status":"open","ping_status":"closed","sticky":false,"template":"","format":"standard","meta":{"footnotes":""},"categories":[10],"tags":[],"_links":{"self":[{"href":"https:\/\/www.haibach-donau.at\/wp-volksschule3\/index.php?rest_route=\/wp\/v2\/posts\/6215"}],"collection":[{"href":"https:\/\/www.haibach-donau.at\/wp-volksschule3\/index.php?rest_route=\/wp\/v2\/posts"}],"about":[{"href":"https:\/\/www.haibach-donau.at\/wp-volksschule3\/index.php?rest_route=\/wp\/v2\/types\/post"}],"author":[{"embeddable":true,"href":"https:\/\/www.haibach-donau.at\/wp-volksschule3\/index.php?rest_route=\/wp\/v2\/users\/5"}],"replies":[{"embeddable":true,"href":"https:\/\/www.haibach-donau.at\/wp-volksschule3\/index.php?rest_route=%2Fwp%2Fv2%2Fcomments&post=6215"}],"version-history":[{"count":5,"href":"https:\/\/www.haibach-donau.at\/wp-volksschule3\/index.php?rest_route=\/wp\/v2\/posts\/6215\/revisions"}],"predecessor-version":[{"id":6221,"href":"https:\/\/www.haibach-donau.at\/wp-volksschule3\/index.php?rest_route=\/wp\/v2\/posts\/6215\/revisions\/6221"}],"wp:attachment":[{"href":"https:\/\/www.haibach-donau.at\/wp-volksschule3\/index.php?rest_route=%2Fwp%2Fv2%2Fmedia&parent=6215"}],"wp:term":[{"taxonomy":"category","embeddable":true,"href":"https:\/\/www.haibach-donau.at\/wp-volksschule3\/index.php?rest_route=%2Fwp%2Fv2%2Fcategories&post=6215"},{"taxonomy":"post_tag","embeddable":true,"href":"https:\/\/www.haibach-donau.at\/wp-volksschule3\/index.php?rest_route=%2Fwp%2Fv2%2Ftags&post=6215"}],"curies":[{"name":"wp","href":"https:\/\/api.w.org\/{rel}","templated":true}]}}