{"id":6171,"date":"2016-12-05T20:25:38","date_gmt":"2016-12-05T19:25:38","guid":{"rendered":"http:\/\/www.haibach-donau.at\/wp-volksschule3\/?p=6171"},"modified":"2016-12-05T20:27:59","modified_gmt":"2016-12-05T19:27:59","slug":"von-perchten-krampussen-und-anderen-gesellen","status":"publish","type":"post","link":"https:\/\/www.haibach-donau.at\/wp-volksschule3\/?p=6171","title":{"rendered":"Von Perchten, Krampussen und anderen Gesellen &#8230;"},"content":{"rendered":"<p><a href=\"http:\/\/www.haibach-donau.at\/wp-volksschule3\/?attachment_id=6196#main\" rel=\"attachment wp-att-6196\"><img loading=\"lazy\" decoding=\"async\" class=\"alignnone size-thumbnail wp-image-6196\" src=\"http:\/\/www.haibach-donau.at\/wp-volksschule3\/wp-content\/uploads\/2016\/12\/25-150x150.jpg\" alt=\"25\" width=\"150\" height=\"150\" \/><\/a>\u00a0Am Krampustag, dem 5. Dezember, kam h\u00f6llischer Besuch in die Schule &#8230;<\/p>\n<p><!--more--><\/p>\n<p>Von Perchten und\u00a0Krampussen\u00a0haben die Kinder der 3. und 4. Klassen in Sachunterricht geh\u00f6rt. Perchten &#8211;\u00a0so erfuhren sie &#8211; sind im Brauchtum vorkommende Gestalten, die vor allem Ende Dezember und im J\u00e4nner auftreten. Es gibt zwei Gruppen: die &#8222;Sch\u00f6nperchten&#8220; ( z. B. Gl\u00f6ckler, Flinserl&#8230;),<\/p>\n<p><a href=\"http:\/\/www.haibach-donau.at\/wp-volksschule3\/?attachment_id=6196#main\" rel=\"attachment wp-att-6196\"><img loading=\"lazy\" decoding=\"async\" class=\"alignnone size-full wp-image-6196\" src=\"http:\/\/www.haibach-donau.at\/wp-volksschule3\/wp-content\/uploads\/2016\/12\/25.jpg\" alt=\"25\" width=\"300\" height=\"203\" \/><\/a><\/p>\n<p><a href=\"http:\/\/www.haibach-donau.at\/wp-volksschule3\/?attachment_id=6192#main\" rel=\"attachment wp-att-6192\"><img loading=\"lazy\" decoding=\"async\" class=\"alignnone size-full wp-image-6192\" src=\"http:\/\/www.haibach-donau.at\/wp-volksschule3\/wp-content\/uploads\/2016\/12\/21.jpg\" alt=\"21\" width=\"293\" height=\"336\" srcset=\"https:\/\/www.haibach-donau.at\/wp-volksschule3\/wp-content\/uploads\/2016\/12\/21.jpg 293w, https:\/\/www.haibach-donau.at\/wp-volksschule3\/wp-content\/uploads\/2016\/12\/21-262x300.jpg 262w\" sizes=\"(max-width: 293px) 100vw, 293px\" \/><\/a><\/p>\n<p><a href=\"http:\/\/www.haibach-donau.at\/wp-volksschule3\/?attachment_id=6194#main\" rel=\"attachment wp-att-6194\"><img loading=\"lazy\" decoding=\"async\" class=\"alignnone size-full wp-image-6194\" src=\"http:\/\/www.haibach-donau.at\/wp-volksschule3\/wp-content\/uploads\/2016\/12\/23.jpg\" alt=\"23\" width=\"170\" height=\"300\" \/><\/a><\/p>\n<p>Vogelpercht und Sch\u00f6npercht aus Salzburg &#8230;<\/p>\n<p>&#8230;aber auch &#8222;Schiachperchten&#8220; (z. B. Haberngoa\u00df, Knecht Ruprecht &#8230;)<\/p>\n<p><a href=\"http:\/\/www.haibach-donau.at\/wp-volksschule3\/?attachment_id=6197#main\" rel=\"attachment wp-att-6197\"><img loading=\"lazy\" decoding=\"async\" class=\"alignnone size-full wp-image-6197\" src=\"http:\/\/www.haibach-donau.at\/wp-volksschule3\/wp-content\/uploads\/2016\/12\/26.jpg\" alt=\"26\" width=\"285\" height=\"300\" \/><\/a><\/p>\n<p><a href=\"http:\/\/www.haibach-donau.at\/wp-volksschule3\/?attachment_id=6198#main\" rel=\"attachment wp-att-6198\"><img loading=\"lazy\" decoding=\"async\" class=\"alignnone size-full wp-image-6198\" src=\"http:\/\/www.haibach-donau.at\/wp-volksschule3\/wp-content\/uploads\/2016\/12\/27.jpg\" alt=\"27\" width=\"193\" height=\"300\" \/><\/a><\/p>\n<p><a href=\"http:\/\/www.haibach-donau.at\/wp-volksschule3\/?attachment_id=6195#main\" rel=\"attachment wp-att-6195\"><img loading=\"lazy\" decoding=\"async\" class=\"alignnone size-full wp-image-6195\" src=\"http:\/\/www.haibach-donau.at\/wp-volksschule3\/wp-content\/uploads\/2016\/12\/24.jpg\" alt=\"24\" width=\"299\" height=\"180\" \/><\/a><\/p>\n<p>Perchtengruppe vom Fuschlsee &#8230;<\/p>\n<p><a href=\"http:\/\/www.haibach-donau.at\/wp-volksschule3\/?attachment_id=6193#main\" rel=\"attachment wp-att-6193\"><img loading=\"lazy\" decoding=\"async\" class=\"alignnone size-full wp-image-6193\" src=\"http:\/\/www.haibach-donau.at\/wp-volksschule3\/wp-content\/uploads\/2016\/12\/22.jpg\" alt=\"22\" width=\"170\" height=\"232\" \/><\/a><\/p>\n<p>Krampuslarve aus Osttirol&#8230;<\/p>\n<p>Ihr Name steht wohl im Zusammenhang mit der Sagengestalt der &#8222;Frau Perchta&#8220; (= Fau Holle).<\/p>\n<p>Ein wichtiges Utensil der Perchten\u00a0sind Glocken, Ketten und Schellen, mit denen die b\u00f6sen Geister des Winters\u00a0ausgetrieben werden sollen. Der Besuch von Perchten wird als gl\u00fccksbringendes Zeichen gehalten.&#8220;L\u00e4rmende Umz\u00fcge&#8220; werden schon um 500 n. Chr. beschrieben.<\/p>\n<p>Perchten treten vor allem\u00a0in den Raun\u00e4chten zwischen Weihnachten und Neujahr auf, um die Ern\u00e4hrungs-, Sauberkeits- und Arbeitsvorschriften f\u00fcr diese Tage zu \u00fcberwachen.<\/p>\n<p>W\u00e4hrend die Schiachperchten oft in gro\u00dfer Zahl und mit gro\u00dfem Gefolge in der Nacht auftreten, erscheinen die Sch\u00f6nperchten am Tag und w\u00fcnschen den Dorfbewohnern Gl\u00fcck und Segen.<\/p>\n<p>Dieses Thema fand gro\u00dfes Interesse bei den Kindern, weil: &#8222;Ich grusle mich gerne !&#8220;&#8230; &#8222;Das war die interessanteste Sachunterrichtsstunde &#8211; ever !&#8220;&#8230; &#8222;Da f\u00fcrchtet man sich gerne ein bisschen !&#8220;&#8230; &#8222;Sind ja eh nur verkleidete Menschen !&#8220;&#8230;<\/p>\n<p>Und so kam es, dass zwei Kinder unbedingt ihre &#8222;Perchten&#8220; vorf\u00fchren wollten &#8211; neugierig harrten wir der Dinge, die da nun kommen w\u00fcrden &#8230;<\/p>\n<p>&#8230; und wirklich: zwei &#8222;Schiachperchten&#8220; liefen im Schulhof herum &#8230;<\/p>\n<p><a href=\"http:\/\/www.haibach-donau.at\/wp-volksschule3\/?attachment_id=6176#main\" rel=\"attachment wp-att-6176\"><img loading=\"lazy\" decoding=\"async\" class=\"alignnone size-full wp-image-6176\" src=\"http:\/\/www.haibach-donau.at\/wp-volksschule3\/wp-content\/uploads\/2016\/12\/kr2016-5.jpg\" alt=\"kr2016-5\" width=\"448\" height=\"325\" srcset=\"https:\/\/www.haibach-donau.at\/wp-volksschule3\/wp-content\/uploads\/2016\/12\/kr2016-5.jpg 448w, https:\/\/www.haibach-donau.at\/wp-volksschule3\/wp-content\/uploads\/2016\/12\/kr2016-5-300x218.jpg 300w\" sizes=\"(max-width: 448px) 100vw, 448px\" \/><\/a><\/p>\n<p>Zuerst aber war Umziehen angesagt &#8230;<\/p>\n<p><a href=\"http:\/\/www.haibach-donau.at\/wp-volksschule3\/?attachment_id=6182#main\" rel=\"attachment wp-att-6182\"><img loading=\"lazy\" decoding=\"async\" class=\"alignnone size-full wp-image-6182\" src=\"http:\/\/www.haibach-donau.at\/wp-volksschule3\/wp-content\/uploads\/2016\/12\/kr2016-11.jpg\" alt=\"kr2016-11\" width=\"448\" height=\"336\" srcset=\"https:\/\/www.haibach-donau.at\/wp-volksschule3\/wp-content\/uploads\/2016\/12\/kr2016-11.jpg 448w, https:\/\/www.haibach-donau.at\/wp-volksschule3\/wp-content\/uploads\/2016\/12\/kr2016-11-300x225.jpg 300w\" sizes=\"(max-width: 448px) 100vw, 448px\" \/><\/a><\/p>\n<p>&#8230; und so stellten sie sich in der 3. Klasse vor &#8230;<\/p>\n<p><a href=\"http:\/\/www.haibach-donau.at\/wp-volksschule3\/?attachment_id=6181#main\" rel=\"attachment wp-att-6181\"><img loading=\"lazy\" decoding=\"async\" class=\"alignnone size-full wp-image-6181\" src=\"http:\/\/www.haibach-donau.at\/wp-volksschule3\/wp-content\/uploads\/2016\/12\/kr2016-10.jpg\" alt=\"kr2016-10\" width=\"448\" height=\"313\" srcset=\"https:\/\/www.haibach-donau.at\/wp-volksschule3\/wp-content\/uploads\/2016\/12\/kr2016-10.jpg 448w, https:\/\/www.haibach-donau.at\/wp-volksschule3\/wp-content\/uploads\/2016\/12\/kr2016-10-300x210.jpg 300w\" sizes=\"(max-width: 448px) 100vw, 448px\" \/><\/a><\/p>\n<p>Gef\u00fcrchtet hat sich nat\u00fcrlich keiner &#8211; alle wollten die Masken einmal probieren !<\/p>\n<p><a href=\"http:\/\/www.haibach-donau.at\/wp-volksschule3\/?attachment_id=6180#main\" rel=\"attachment wp-att-6180\"><img loading=\"lazy\" decoding=\"async\" class=\"alignnone size-full wp-image-6180\" src=\"http:\/\/www.haibach-donau.at\/wp-volksschule3\/wp-content\/uploads\/2016\/12\/kr2016-9.jpg\" alt=\"kr2016-9\" width=\"440\" height=\"336\" srcset=\"https:\/\/www.haibach-donau.at\/wp-volksschule3\/wp-content\/uploads\/2016\/12\/kr2016-9.jpg 440w, https:\/\/www.haibach-donau.at\/wp-volksschule3\/wp-content\/uploads\/2016\/12\/kr2016-9-300x229.jpg 300w\" sizes=\"(max-width: 440px) 100vw, 440px\" \/><\/a><\/p>\n<p>&#8230; obwohl: ein bisserl zum F\u00fcrchten sahen sie dann ja doch aus &#8230;<\/p>\n<p><a href=\"http:\/\/www.haibach-donau.at\/wp-volksschule3\/?attachment_id=6174#main\" rel=\"attachment wp-att-6174\"><img loading=\"lazy\" decoding=\"async\" class=\"alignnone size-full wp-image-6174\" src=\"http:\/\/www.haibach-donau.at\/wp-volksschule3\/wp-content\/uploads\/2016\/12\/kr2016-3.jpg\" alt=\"kr2016-3\" width=\"249\" height=\"336\" srcset=\"https:\/\/www.haibach-donau.at\/wp-volksschule3\/wp-content\/uploads\/2016\/12\/kr2016-3.jpg 249w, https:\/\/www.haibach-donau.at\/wp-volksschule3\/wp-content\/uploads\/2016\/12\/kr2016-3-222x300.jpg 222w\" sizes=\"(max-width: 249px) 100vw, 249px\" \/><\/a><\/p>\n<p>&#8230; besonders der hier mit den leuchtenden Augen !<\/p>\n<p><a href=\"http:\/\/www.haibach-donau.at\/wp-volksschule3\/?attachment_id=6173#main\" rel=\"attachment wp-att-6173\"><img loading=\"lazy\" decoding=\"async\" class=\"alignnone size-full wp-image-6173\" src=\"http:\/\/www.haibach-donau.at\/wp-volksschule3\/wp-content\/uploads\/2016\/12\/kr2016-2.jpg\" alt=\"kr2016-2\" width=\"448\" height=\"336\" srcset=\"https:\/\/www.haibach-donau.at\/wp-volksschule3\/wp-content\/uploads\/2016\/12\/kr2016-2.jpg 448w, https:\/\/www.haibach-donau.at\/wp-volksschule3\/wp-content\/uploads\/2016\/12\/kr2016-2-300x225.jpg 300w\" sizes=\"(max-width: 448px) 100vw, 448px\" \/><\/a><\/p>\n<p>Dann wurde flugs ein Gruppenfoto gemacht &#8230;<\/p>\n<p><a href=\"http:\/\/www.haibach-donau.at\/wp-volksschule3\/?attachment_id=6177#main\" rel=\"attachment wp-att-6177\"><img loading=\"lazy\" decoding=\"async\" class=\"alignnone size-full wp-image-6177\" src=\"http:\/\/www.haibach-donau.at\/wp-volksschule3\/wp-content\/uploads\/2016\/12\/kr2016-6.jpg\" alt=\"kr2016-6\" width=\"448\" height=\"269\" srcset=\"https:\/\/www.haibach-donau.at\/wp-volksschule3\/wp-content\/uploads\/2016\/12\/kr2016-6.jpg 448w, https:\/\/www.haibach-donau.at\/wp-volksschule3\/wp-content\/uploads\/2016\/12\/kr2016-6-300x180.jpg 300w\" sizes=\"(max-width: 448px) 100vw, 448px\" \/><\/a><\/p>\n<p>&#8230; und noch einmal laut gebr\u00fcllt, gemeckert und gekl\u00e4fft &#8230;<\/p>\n<p><a href=\"http:\/\/www.haibach-donau.at\/wp-volksschule3\/?attachment_id=6178#main\" rel=\"attachment wp-att-6178\"><img loading=\"lazy\" decoding=\"async\" class=\"alignnone size-full wp-image-6178\" src=\"http:\/\/www.haibach-donau.at\/wp-volksschule3\/wp-content\/uploads\/2016\/12\/kr2016-7.jpg\" alt=\"kr2016-7\" width=\"448\" height=\"336\" srcset=\"https:\/\/www.haibach-donau.at\/wp-volksschule3\/wp-content\/uploads\/2016\/12\/kr2016-7.jpg 448w, https:\/\/www.haibach-donau.at\/wp-volksschule3\/wp-content\/uploads\/2016\/12\/kr2016-7-300x225.jpg 300w\" sizes=\"(max-width: 448px) 100vw, 448px\" \/><\/a><\/p>\n<p>&#8230; bevor die Kinder der 4. Klasse &#8222;\u00fcberrascht &#8220; werden sollten. Aber auch da mussten alle\u00a0\u00fcber &#8222;unsere kleinen Kramperl&#8220; grinsen&#8230;<\/p>\n<p><a href=\"http:\/\/www.haibach-donau.at\/wp-volksschule3\/?attachment_id=6179#main\" rel=\"attachment wp-att-6179\"><img loading=\"lazy\" decoding=\"async\" class=\"alignnone size-full wp-image-6179\" src=\"http:\/\/www.haibach-donau.at\/wp-volksschule3\/wp-content\/uploads\/2016\/12\/kr2016-8.jpg\" alt=\"kr2016-8\" width=\"448\" height=\"195\" srcset=\"https:\/\/www.haibach-donau.at\/wp-volksschule3\/wp-content\/uploads\/2016\/12\/kr2016-8.jpg 448w, https:\/\/www.haibach-donau.at\/wp-volksschule3\/wp-content\/uploads\/2016\/12\/kr2016-8-300x131.jpg 300w\" sizes=\"(max-width: 448px) 100vw, 448px\" \/><\/a><\/p>\n<p>Da half auch der wildeste Kampf nicht !<\/p>\n<p><a href=\"http:\/\/www.haibach-donau.at\/wp-volksschule3\/?attachment_id=6183#main\" rel=\"attachment wp-att-6183\"><img loading=\"lazy\" decoding=\"async\" class=\"alignnone size-full wp-image-6183\" src=\"http:\/\/www.haibach-donau.at\/wp-volksschule3\/wp-content\/uploads\/2016\/12\/kr2016-12.jpg\" alt=\"kr2016-12\" width=\"316\" height=\"336\" srcset=\"https:\/\/www.haibach-donau.at\/wp-volksschule3\/wp-content\/uploads\/2016\/12\/kr2016-12.jpg 316w, https:\/\/www.haibach-donau.at\/wp-volksschule3\/wp-content\/uploads\/2016\/12\/kr2016-12-282x300.jpg 282w\" sizes=\"(max-width: 316px) 100vw, 316px\" \/><\/a><\/p>\n<p>&#8222;Wir wollen auch mal die gruseligen Masken ausprobieren !&#8220;, schallte es durch die Klasse ! Dabei musste den &#8222;Probew\u00fctigen&#8220; nat\u00fcrlich geholfen werden.<\/p>\n<p><a href=\"http:\/\/www.haibach-donau.at\/wp-volksschule3\/?attachment_id=6190#main\" rel=\"attachment wp-att-6190\"><img loading=\"lazy\" decoding=\"async\" class=\"alignnone size-full wp-image-6190\" src=\"http:\/\/www.haibach-donau.at\/wp-volksschule3\/wp-content\/uploads\/2016\/12\/kr2016-19.jpg\" alt=\"kr2016-19\" width=\"448\" height=\"336\" srcset=\"https:\/\/www.haibach-donau.at\/wp-volksschule3\/wp-content\/uploads\/2016\/12\/kr2016-19.jpg 448w, https:\/\/www.haibach-donau.at\/wp-volksschule3\/wp-content\/uploads\/2016\/12\/kr2016-19-300x225.jpg 300w\" sizes=\"(max-width: 448px) 100vw, 448px\" \/><\/a><\/p>\n<p>Huuuuuch ! Eine weibliche &#8222;Krampeline&#8220; ???<\/p>\n<p><a href=\"http:\/\/www.haibach-donau.at\/wp-volksschule3\/?attachment_id=6189#main\" rel=\"attachment wp-att-6189\"><img loading=\"lazy\" decoding=\"async\" class=\"alignnone size-full wp-image-6189\" src=\"http:\/\/www.haibach-donau.at\/wp-volksschule3\/wp-content\/uploads\/2016\/12\/kr2016-18.jpg\" alt=\"kr2016-18\" width=\"252\" height=\"336\" srcset=\"https:\/\/www.haibach-donau.at\/wp-volksschule3\/wp-content\/uploads\/2016\/12\/kr2016-18.jpg 252w, https:\/\/www.haibach-donau.at\/wp-volksschule3\/wp-content\/uploads\/2016\/12\/kr2016-18-225x300.jpg 225w\" sizes=\"(max-width: 252px) 100vw, 252px\" \/><\/a><\/p>\n<p>Dieser Jungkrampus ist wohl schon etwas m\u00fcde vom Br\u00fcllen ???<\/p>\n<p><a href=\"http:\/\/www.haibach-donau.at\/wp-volksschule3\/?attachment_id=6191#main\" rel=\"attachment wp-att-6191\"><img loading=\"lazy\" decoding=\"async\" class=\"alignnone size-full wp-image-6191\" src=\"http:\/\/www.haibach-donau.at\/wp-volksschule3\/wp-content\/uploads\/2016\/12\/kr2016-20.jpg\" alt=\"kr2016-20\" width=\"252\" height=\"336\" srcset=\"https:\/\/www.haibach-donau.at\/wp-volksschule3\/wp-content\/uploads\/2016\/12\/kr2016-20.jpg 252w, https:\/\/www.haibach-donau.at\/wp-volksschule3\/wp-content\/uploads\/2016\/12\/kr2016-20-225x300.jpg 225w\" sizes=\"(max-width: 252px) 100vw, 252px\" \/><\/a><\/p>\n<p>Aber halt: Die Kinder der 4. Klasse wollten nat\u00fcrlich auch ein Gruppenfoto im Schulgarten machen !<\/p>\n<p><a href=\"http:\/\/www.haibach-donau.at\/wp-volksschule3\/?attachment_id=6185#main\" rel=\"attachment wp-att-6185\"><img loading=\"lazy\" decoding=\"async\" class=\"alignnone size-full wp-image-6185\" src=\"http:\/\/www.haibach-donau.at\/wp-volksschule3\/wp-content\/uploads\/2016\/12\/kr2016-14.jpg\" alt=\"kr2016-14\" width=\"252\" height=\"336\" srcset=\"https:\/\/www.haibach-donau.at\/wp-volksschule3\/wp-content\/uploads\/2016\/12\/kr2016-14.jpg 252w, https:\/\/www.haibach-donau.at\/wp-volksschule3\/wp-content\/uploads\/2016\/12\/kr2016-14-225x300.jpg 225w\" sizes=\"(max-width: 252px) 100vw, 252px\" \/><\/a><\/p>\n<p><a href=\"http:\/\/www.haibach-donau.at\/wp-volksschule3\/?attachment_id=6186#main\" rel=\"attachment wp-att-6186\"><img loading=\"lazy\" decoding=\"async\" class=\"alignnone size-full wp-image-6186\" src=\"http:\/\/www.haibach-donau.at\/wp-volksschule3\/wp-content\/uploads\/2016\/12\/kr2016-15.jpg\" alt=\"kr2016-15\" width=\"448\" height=\"277\" srcset=\"https:\/\/www.haibach-donau.at\/wp-volksschule3\/wp-content\/uploads\/2016\/12\/kr2016-15.jpg 448w, https:\/\/www.haibach-donau.at\/wp-volksschule3\/wp-content\/uploads\/2016\/12\/kr2016-15-300x185.jpg 300w\" sizes=\"(max-width: 448px) 100vw, 448px\" \/><\/a><\/p>\n<p>Und da gab\u00b4s dann eine kleine \u00dcberraschung: Was ein &#8222;echter&#8220; Krampus ist, hat nat\u00fcrlich kleine Schokoladekrampusse zum Verteilen mitgenommen &#8211; mmmmm, lecker ! Dankesch\u00f6n !<\/p>\n<p><a href=\"http:\/\/www.haibach-donau.at\/wp-volksschule3\/?attachment_id=6184#main\" rel=\"attachment wp-att-6184\"><img loading=\"lazy\" decoding=\"async\" class=\"alignnone size-full wp-image-6184\" src=\"http:\/\/www.haibach-donau.at\/wp-volksschule3\/wp-content\/uploads\/2016\/12\/kr2016-13.jpg\" alt=\"kr2016-13\" width=\"448\" height=\"331\" srcset=\"https:\/\/www.haibach-donau.at\/wp-volksschule3\/wp-content\/uploads\/2016\/12\/kr2016-13.jpg 448w, https:\/\/www.haibach-donau.at\/wp-volksschule3\/wp-content\/uploads\/2016\/12\/kr2016-13-300x222.jpg 300w\" sizes=\"(max-width: 448px) 100vw, 448px\" \/><\/a><\/p>\n<p>Danach wurde noch einmal ordentlich gebr\u00fcllt, gerasselt und gemeckert &#8230;<\/p>\n<p><a href=\"http:\/\/www.haibach-donau.at\/wp-volksschule3\/?attachment_id=6188#main\" rel=\"attachment wp-att-6188\"><img loading=\"lazy\" decoding=\"async\" class=\"alignnone size-full wp-image-6188\" src=\"http:\/\/www.haibach-donau.at\/wp-volksschule3\/wp-content\/uploads\/2016\/12\/kr2016-17.jpg\" alt=\"kr2016-17\" width=\"448\" height=\"326\" srcset=\"https:\/\/www.haibach-donau.at\/wp-volksschule3\/wp-content\/uploads\/2016\/12\/kr2016-17.jpg 448w, https:\/\/www.haibach-donau.at\/wp-volksschule3\/wp-content\/uploads\/2016\/12\/kr2016-17-300x218.jpg 300w\" sizes=\"(max-width: 448px) 100vw, 448px\" \/><\/a><\/p>\n<p>&#8230; und dann durften die zwei Krampusse noch die Kinder in der Nachmittagsbetreuung besuchen &#8211; und auch hier musste sich kein Kind f\u00fcrchten !<\/p>\n<p><a href=\"http:\/\/www.haibach-donau.at\/wp-volksschule3\/?attachment_id=6199#main\" rel=\"attachment wp-att-6199\"><img loading=\"lazy\" decoding=\"async\" class=\"alignnone size-full wp-image-6199\" src=\"http:\/\/www.haibach-donau.at\/wp-volksschule3\/wp-content\/uploads\/2016\/12\/PicsArt_12-05-04.12.43.jpg\" alt=\"picsart_12-05-04-12-43\" width=\"448\" height=\"252\" srcset=\"https:\/\/www.haibach-donau.at\/wp-volksschule3\/wp-content\/uploads\/2016\/12\/PicsArt_12-05-04.12.43.jpg 448w, https:\/\/www.haibach-donau.at\/wp-volksschule3\/wp-content\/uploads\/2016\/12\/PicsArt_12-05-04.12.43-300x169.jpg 300w\" sizes=\"(max-width: 448px) 100vw, 448px\" \/><\/a><\/p>\n<p>&#8230;nicht einmal die Frau Direktor &#8230;<\/p>\n<p><a href=\"http:\/\/www.haibach-donau.at\/wp-volksschule3\/?attachment_id=6172#main\" rel=\"attachment wp-att-6172\"><img loading=\"lazy\" decoding=\"async\" class=\"alignnone size-full wp-image-6172\" src=\"http:\/\/www.haibach-donau.at\/wp-volksschule3\/wp-content\/uploads\/2016\/12\/kr2016-1.jpg\" alt=\"kr2016-1\" width=\"446\" height=\"336\" srcset=\"https:\/\/www.haibach-donau.at\/wp-volksschule3\/wp-content\/uploads\/2016\/12\/kr2016-1.jpg 446w, https:\/\/www.haibach-donau.at\/wp-volksschule3\/wp-content\/uploads\/2016\/12\/kr2016-1-300x226.jpg 300w\" sizes=\"(max-width: 446px) 100vw, 446px\" \/><\/a><\/p>\n<p>&nbsp;<\/p>\n","protected":false},"excerpt":{"rendered":"<p>\u00a0Am Krampustag, dem 5. Dezember, kam h\u00f6llischer Besuch in die Schule &#8230;<\/p>\n","protected":false},"author":2,"featured_media":0,"comment_status":"open","ping_status":"closed","sticky":false,"template":"","format":"standard","meta":{"footnotes":""},"categories":[10],"tags":[],"_links":{"self":[{"href":"https:\/\/www.haibach-donau.at\/wp-volksschule3\/index.php?rest_route=\/wp\/v2\/posts\/6171"}],"collection":[{"href":"https:\/\/www.haibach-donau.at\/wp-volksschule3\/index.php?rest_route=\/wp\/v2\/posts"}],"about":[{"href":"https:\/\/www.haibach-donau.at\/wp-volksschule3\/index.php?rest_route=\/wp\/v2\/types\/post"}],"author":[{"embeddable":true,"href":"https:\/\/www.haibach-donau.at\/wp-volksschule3\/index.php?rest_route=\/wp\/v2\/users\/2"}],"replies":[{"embeddable":true,"href":"https:\/\/www.haibach-donau.at\/wp-volksschule3\/index.php?rest_route=%2Fwp%2Fv2%2Fcomments&post=6171"}],"version-history":[{"count":4,"href":"https:\/\/www.haibach-donau.at\/wp-volksschule3\/index.php?rest_route=\/wp\/v2\/posts\/6171\/revisions"}],"predecessor-version":[{"id":6203,"href":"https:\/\/www.haibach-donau.at\/wp-volksschule3\/index.php?rest_route=\/wp\/v2\/posts\/6171\/revisions\/6203"}],"wp:attachment":[{"href":"https:\/\/www.haibach-donau.at\/wp-volksschule3\/index.php?rest_route=%2Fwp%2Fv2%2Fmedia&parent=6171"}],"wp:term":[{"taxonomy":"category","embeddable":true,"href":"https:\/\/www.haibach-donau.at\/wp-volksschule3\/index.php?rest_route=%2Fwp%2Fv2%2Fcategories&post=6171"},{"taxonomy":"post_tag","embeddable":true,"href":"https:\/\/www.haibach-donau.at\/wp-volksschule3\/index.php?rest_route=%2Fwp%2Fv2%2Ftags&post=6171"}],"curies":[{"name":"wp","href":"https:\/\/api.w.org\/{rel}","templated":true}]}}