{"id":4091,"date":"2016-03-01T16:19:18","date_gmt":"2016-03-01T15:19:18","guid":{"rendered":"http:\/\/www.haibach-donau.at\/wp-volksschule3\/?p=4091"},"modified":"2016-03-01T19:27:57","modified_gmt":"2016-03-01T18:27:57","slug":"der-rabe-alfons-ein-kamishibai-theaterstueck-der-4-klasse","status":"publish","type":"post","link":"https:\/\/www.haibach-donau.at\/wp-volksschule3\/?p=4091","title":{"rendered":"&#8222;Der Rabe Alfons&#8220; &#8230; ein Kamishibai &#8211; Theaterst\u00fcck der 4. Klasse"},"content":{"rendered":"<p><img loading=\"lazy\" decoding=\"async\" class=\"alignnone size-thumbnail wp-image-4086\" src=\"http:\/\/www.haibach-donau.at\/wp-volksschule3\/wp-content\/uploads\/2016\/02\/Der-Rabe-...-8-150x150.jpg\" alt=\"Der Rabe ... (8)\" width=\"150\" height=\"150\" \/>\u00a0Am Freitag, dem 26. M\u00e4rz\u00a0waren wir eingeladen, uns das Theaterst\u00fcck der 4. Klasse\u00a0\u00a0&#8220;\u00a0Der Rabe\u00a0Alfons&#8220; anzusehen. In diesem St\u00fcck tauschen der Rabe Alfons und der Zauberer Moldovan ihre Rollen- jeder darf einen Tag im Leben des jeweils anderen verbringen.<\/p>\n<p><!--more--><\/p>\n<p><a href=\"http:\/\/www.haibach-donau.at\/wp-volksschule3\/wp-content\/uploads\/2016\/02\/Der-Rabe-...-8.jpg\"><img loading=\"lazy\" decoding=\"async\" class=\"alignnone size-large wp-image-4086\" src=\"http:\/\/www.haibach-donau.at\/wp-volksschule3\/wp-content\/uploads\/2016\/02\/Der-Rabe-...-8-1024x768.jpg\" alt=\"Der Rabe ... (8)\" width=\"1024\" height=\"768\" srcset=\"https:\/\/www.haibach-donau.at\/wp-volksschule3\/wp-content\/uploads\/2016\/02\/Der-Rabe-...-8.jpg 1024w, https:\/\/www.haibach-donau.at\/wp-volksschule3\/wp-content\/uploads\/2016\/02\/Der-Rabe-...-8-300x225.jpg 300w\" sizes=\"(max-width: 1024px) 100vw, 1024px\" \/>\u00a0<\/a><\/p>\n<p><a href=\"http:\/\/www.haibach-donau.at\/wp-volksschule3\/?attachment_id=4101#main\" rel=\"attachment wp-att-4101\"><img loading=\"lazy\" decoding=\"async\" class=\"alignnone size-full wp-image-4101\" src=\"http:\/\/www.haibach-donau.at\/wp-volksschule3\/wp-content\/uploads\/2016\/03\/IMG-20160226-WA0002.jpg\" alt=\"IMG-20160226-WA0002\" width=\"425\" height=\"336\" srcset=\"https:\/\/www.haibach-donau.at\/wp-volksschule3\/wp-content\/uploads\/2016\/03\/IMG-20160226-WA0002.jpg 425w, https:\/\/www.haibach-donau.at\/wp-volksschule3\/wp-content\/uploads\/2016\/03\/IMG-20160226-WA0002-300x237.jpg 300w\" sizes=\"(max-width: 425px) 100vw, 425px\" \/><\/a><\/p>\n<p>Die Sch\u00fcler und Sch\u00fclerinnen hatten im Unterricht das St\u00fcck &#8222;Der Rabe Alfons&#8220; von Erwin Moser gelesen und sich auf vielf\u00e4ltige Weise damit auseinandergesetzt. Bei der Auff\u00fchrung f\u00fcr die einzelnen Klassen konnte jeder seinen Teil pr\u00e4sentieren:<\/p>\n<p><a href=\"http:\/\/www.haibach-donau.at\/wp-volksschule3\/wp-content\/uploads\/2016\/02\/Der-Rabe-...-9.jpg\"><img loading=\"lazy\" decoding=\"async\" class=\"alignnone size-large wp-image-4087\" src=\"http:\/\/www.haibach-donau.at\/wp-volksschule3\/wp-content\/uploads\/2016\/02\/Der-Rabe-...-9-1024x768.jpg\" alt=\"Der Rabe ... (9)\" width=\"1024\" height=\"768\" srcset=\"https:\/\/www.haibach-donau.at\/wp-volksschule3\/wp-content\/uploads\/2016\/02\/Der-Rabe-...-9.jpg 1024w, https:\/\/www.haibach-donau.at\/wp-volksschule3\/wp-content\/uploads\/2016\/02\/Der-Rabe-...-9-300x225.jpg 300w\" sizes=\"(max-width: 1024px) 100vw, 1024px\" \/>\u00a0<\/a><\/p>\n<p>Ein paar Kinder\u00a0trugen die Geschichte vor.<\/p>\n<p><a href=\"http:\/\/www.haibach-donau.at\/wp-volksschule3\/wp-content\/uploads\/2016\/02\/Der-Rabe-...-6.jpg\"><img loading=\"lazy\" decoding=\"async\" class=\"alignnone size-large wp-image-4085\" src=\"http:\/\/www.haibach-donau.at\/wp-volksschule3\/wp-content\/uploads\/2016\/02\/Der-Rabe-...-6-1024x768.jpg\" alt=\"Der Rabe ... (6)\" width=\"1024\" height=\"768\" srcset=\"https:\/\/www.haibach-donau.at\/wp-volksschule3\/wp-content\/uploads\/2016\/02\/Der-Rabe-...-6.jpg 1024w, https:\/\/www.haibach-donau.at\/wp-volksschule3\/wp-content\/uploads\/2016\/02\/Der-Rabe-...-6-300x225.jpg 300w\" sizes=\"(max-width: 1024px) 100vw, 1024px\" \/>\u00a0<\/a><\/p>\n<p><a href=\"http:\/\/www.haibach-donau.at\/wp-volksschule3\/?attachment_id=4098\" rel=\"attachment wp-att-4098\"><img loading=\"lazy\" decoding=\"async\" class=\"alignnone size-full wp-image-4098\" src=\"http:\/\/www.haibach-donau.at\/wp-volksschule3\/wp-content\/uploads\/2016\/03\/IMG-20160226-WA0001.jpg\" alt=\"IMG-20160226-WA0001\" width=\"1600\" height=\"1200\" srcset=\"https:\/\/www.haibach-donau.at\/wp-volksschule3\/wp-content\/uploads\/2016\/03\/IMG-20160226-WA0001.jpg 1600w, https:\/\/www.haibach-donau.at\/wp-volksschule3\/wp-content\/uploads\/2016\/03\/IMG-20160226-WA0001-300x225.jpg 300w, https:\/\/www.haibach-donau.at\/wp-volksschule3\/wp-content\/uploads\/2016\/03\/IMG-20160226-WA0001-1024x768.jpg 1024w\" sizes=\"(max-width: 1600px) 100vw, 1600px\" \/><\/a><\/p>\n<p>Das selbst angefertigte &#8222;B\u00fchnenbild&#8220; musste st\u00e4ndig aktualisiert werden, diese Aufgabe wurde von Sebastian hervorragend gemeistert.<\/p>\n<p><a href=\"http:\/\/www.haibach-donau.at\/wp-volksschule3\/wp-content\/uploads\/2016\/02\/Der-Rabe-...-4.jpg\"><img loading=\"lazy\" decoding=\"async\" class=\"alignnone size-large wp-image-4084\" src=\"http:\/\/www.haibach-donau.at\/wp-volksschule3\/wp-content\/uploads\/2016\/02\/Der-Rabe-...-4-1024x768.jpg\" alt=\"Der Rabe ... (4)\" width=\"1024\" height=\"768\" srcset=\"https:\/\/www.haibach-donau.at\/wp-volksschule3\/wp-content\/uploads\/2016\/02\/Der-Rabe-...-4.jpg 1024w, https:\/\/www.haibach-donau.at\/wp-volksschule3\/wp-content\/uploads\/2016\/02\/Der-Rabe-...-4-300x225.jpg 300w\" sizes=\"(max-width: 1024px) 100vw, 1024px\" \/>\u00a0<\/a><\/p>\n<p>Fasziniert verfolgten die Erstkl\u00e4ssler das Geschehen.<\/p>\n<p><a href=\"http:\/\/www.haibach-donau.at\/wp-volksschule3\/wp-content\/uploads\/2016\/02\/Der-Rabe-...-12.jpg\"><img loading=\"lazy\" decoding=\"async\" class=\"alignnone size-large wp-image-4089\" src=\"http:\/\/www.haibach-donau.at\/wp-volksschule3\/wp-content\/uploads\/2016\/02\/Der-Rabe-...-12-1024x768.jpg\" alt=\"Der Rabe ... (12)\" width=\"1024\" height=\"768\" srcset=\"https:\/\/www.haibach-donau.at\/wp-volksschule3\/wp-content\/uploads\/2016\/02\/Der-Rabe-...-12.jpg 1024w, https:\/\/www.haibach-donau.at\/wp-volksschule3\/wp-content\/uploads\/2016\/02\/Der-Rabe-...-12-300x225.jpg 300w\" sizes=\"(max-width: 1024px) 100vw, 1024px\" \/>\u00a0<\/a><\/p>\n<p>Da die urspr\u00fcngliche Geschichte mit einem offenen Schluss endete, \u00fcberlegten sich einige Kinder ihren ganz pers\u00f6nlichen Schluss.<\/p>\n<p><img loading=\"lazy\" decoding=\"async\" class=\"alignnone size-large wp-image-4090\" src=\"http:\/\/www.haibach-donau.at\/wp-volksschule3\/wp-content\/uploads\/2016\/02\/Der-Rabe-...-15-1024x768.jpg\" alt=\"Der Rabe ... (15)\" width=\"1024\" height=\"768\" srcset=\"https:\/\/www.haibach-donau.at\/wp-volksschule3\/wp-content\/uploads\/2016\/02\/Der-Rabe-...-15.jpg 1024w, https:\/\/www.haibach-donau.at\/wp-volksschule3\/wp-content\/uploads\/2016\/02\/Der-Rabe-...-15-300x225.jpg 300w\" sizes=\"(max-width: 1024px) 100vw, 1024px\" \/><\/p>\n<p>Es entstanden \u00a0ganz unterschiedliche Ideen. Eines hatten sie aber alle gemein: Zum Schluss waren die beiden froh, wieder in ihr altes Leben zur\u00fcckkehren zu k\u00f6nnen.<\/p>\n<p><a href=\"http:\/\/www.haibach-donau.at\/wp-volksschule3\/wp-content\/uploads\/2016\/02\/Der-Rabe-...-10.jpg\"><img loading=\"lazy\" decoding=\"async\" class=\"alignnone size-large wp-image-4088\" src=\"http:\/\/www.haibach-donau.at\/wp-volksschule3\/wp-content\/uploads\/2016\/02\/Der-Rabe-...-10-1024x768.jpg\" alt=\"Der Rabe ... (10)\" width=\"1024\" height=\"768\" srcset=\"https:\/\/www.haibach-donau.at\/wp-volksschule3\/wp-content\/uploads\/2016\/02\/Der-Rabe-...-10.jpg 1024w, https:\/\/www.haibach-donau.at\/wp-volksschule3\/wp-content\/uploads\/2016\/02\/Der-Rabe-...-10-300x225.jpg 300w\" sizes=\"(max-width: 1024px) 100vw, 1024px\" \/><\/a><\/p>\n<p>Welches Ende hat \u00a0diesen\u00a04 Herrschaften wohl am besten gefallen?<a href=\"http:\/\/www.haibach-donau.at\/wp-volksschule3\/wp-content\/uploads\/2016\/02\/Der-Rabe-...-15.jpg\">\u00a0<\/a><\/p>\n<p><a href=\"http:\/\/www.haibach-donau.at\/wp-volksschule3\/?attachment_id=4097\" rel=\"attachment wp-att-4097\"><img loading=\"lazy\" decoding=\"async\" class=\"alignnone size-full wp-image-4097\" src=\"http:\/\/www.haibach-donau.at\/wp-volksschule3\/wp-content\/uploads\/2016\/03\/IMG-20160226-WA0009.jpg\" alt=\"IMG-20160226-WA0009\" width=\"852\" height=\"640\" srcset=\"https:\/\/www.haibach-donau.at\/wp-volksschule3\/wp-content\/uploads\/2016\/03\/IMG-20160226-WA0009.jpg 852w, https:\/\/www.haibach-donau.at\/wp-volksschule3\/wp-content\/uploads\/2016\/03\/IMG-20160226-WA0009-300x225.jpg 300w\" sizes=\"(max-width: 852px) 100vw, 852px\" \/><\/a><\/p>\n<p>Auch den Kindern der 3. Klasse hat das &#8222;Theaterst\u00fcck&#8220; sehr gut gefallen.<\/p>\n<p><a href=\"http:\/\/www.haibach-donau.at\/wp-volksschule3\/wp-content\/uploads\/2016\/02\/Der-Rabe-...-1.jpg\"><img loading=\"lazy\" decoding=\"async\" class=\"alignnone size-large wp-image-4083\" src=\"http:\/\/www.haibach-donau.at\/wp-volksschule3\/wp-content\/uploads\/2016\/02\/Der-Rabe-...-1-1024x768.jpg\" alt=\"Der Rabe ... (1)\" width=\"1024\" height=\"768\" srcset=\"https:\/\/www.haibach-donau.at\/wp-volksschule3\/wp-content\/uploads\/2016\/02\/Der-Rabe-...-1.jpg 1024w, https:\/\/www.haibach-donau.at\/wp-volksschule3\/wp-content\/uploads\/2016\/02\/Der-Rabe-...-1-300x225.jpg 300w\" sizes=\"(max-width: 1024px) 100vw, 1024px\" \/><\/a><\/p>\n<p>Vorhang zu &#8211; das Theater schlie\u00dft f\u00fcr heute seine Pforten!<\/p>\n<p>Bravo\u00a0 &#8211;\u00a0 und danke f\u00fcr die Einladung!<\/p>\n","protected":false},"excerpt":{"rendered":"<p>\u00a0Am Freitag, dem 26. M\u00e4rz\u00a0waren wir eingeladen, uns das Theaterst\u00fcck der 4. Klasse\u00a0\u00a0&#8220;\u00a0Der Rabe\u00a0Alfons&#8220; anzusehen. In diesem St\u00fcck tauschen der Rabe Alfons und der Zauberer Moldovan ihre Rollen- jeder darf einen Tag im Leben des jeweils anderen verbringen.<\/p>\n","protected":false},"author":3,"featured_media":4086,"comment_status":"open","ping_status":"closed","sticky":false,"template":"","format":"standard","meta":{"footnotes":""},"categories":[7],"tags":[],"_links":{"self":[{"href":"https:\/\/www.haibach-donau.at\/wp-volksschule3\/index.php?rest_route=\/wp\/v2\/posts\/4091"}],"collection":[{"href":"https:\/\/www.haibach-donau.at\/wp-volksschule3\/index.php?rest_route=\/wp\/v2\/posts"}],"about":[{"href":"https:\/\/www.haibach-donau.at\/wp-volksschule3\/index.php?rest_route=\/wp\/v2\/types\/post"}],"author":[{"embeddable":true,"href":"https:\/\/www.haibach-donau.at\/wp-volksschule3\/index.php?rest_route=\/wp\/v2\/users\/3"}],"replies":[{"embeddable":true,"href":"https:\/\/www.haibach-donau.at\/wp-volksschule3\/index.php?rest_route=%2Fwp%2Fv2%2Fcomments&post=4091"}],"version-history":[{"count":9,"href":"https:\/\/www.haibach-donau.at\/wp-volksschule3\/index.php?rest_route=\/wp\/v2\/posts\/4091\/revisions"}],"predecessor-version":[{"id":4106,"href":"https:\/\/www.haibach-donau.at\/wp-volksschule3\/index.php?rest_route=\/wp\/v2\/posts\/4091\/revisions\/4106"}],"wp:featuredmedia":[{"embeddable":true,"href":"https:\/\/www.haibach-donau.at\/wp-volksschule3\/index.php?rest_route=\/wp\/v2\/media\/4086"}],"wp:attachment":[{"href":"https:\/\/www.haibach-donau.at\/wp-volksschule3\/index.php?rest_route=%2Fwp%2Fv2%2Fmedia&parent=4091"}],"wp:term":[{"taxonomy":"category","embeddable":true,"href":"https:\/\/www.haibach-donau.at\/wp-volksschule3\/index.php?rest_route=%2Fwp%2Fv2%2Fcategories&post=4091"},{"taxonomy":"post_tag","embeddable":true,"href":"https:\/\/www.haibach-donau.at\/wp-volksschule3\/index.php?rest_route=%2Fwp%2Fv2%2Ftags&post=4091"}],"curies":[{"name":"wp","href":"https:\/\/api.w.org\/{rel}","templated":true}]}}