{"id":18928,"date":"2024-06-09T18:27:00","date_gmt":"2024-06-09T17:27:00","guid":{"rendered":"http:\/\/www.haibach-donau.at\/wp-volksschule3\/?p=18928"},"modified":"2024-06-11T18:28:12","modified_gmt":"2024-06-11T17:28:12","slug":"erstkommunion-2024","status":"publish","type":"post","link":"https:\/\/www.haibach-donau.at\/wp-volksschule3\/?p=18928","title":{"rendered":"Erstkommunion 2024"},"content":{"rendered":"\n<figure class=\"wp-block-image size-full is-resized\"><a href=\"http:\/\/www.haibach-donau.at\/wp-volksschule3\/wp-content\/uploads\/2024\/06\/EK-2024-16.jpg\"><img loading=\"lazy\" decoding=\"async\" width=\"512\" height=\"768\" src=\"http:\/\/www.haibach-donau.at\/wp-volksschule3\/wp-content\/uploads\/2024\/06\/EK-2024-16.jpg\" alt=\"\" class=\"wp-image-18929\" style=\"width:164px;height:auto\" srcset=\"https:\/\/www.haibach-donau.at\/wp-volksschule3\/wp-content\/uploads\/2024\/06\/EK-2024-16.jpg 512w, https:\/\/www.haibach-donau.at\/wp-volksschule3\/wp-content\/uploads\/2024\/06\/EK-2024-16-200x300.jpg 200w\" sizes=\"(max-width: 512px) 100vw, 512px\" \/><\/a><\/figure>\n\n\n\n<p>Am 9. Mai war es soweit: Unsere Zweitkl\u00e4ssler hatten Erstkommunion !<\/p>\n\n\n\n<!--more-->\n\n\n\n<figure class=\"wp-block-image size-full\"><a href=\"http:\/\/www.haibach-donau.at\/wp-volksschule3\/wp-content\/uploads\/2024\/06\/EK-2024-2.jpg\"><img loading=\"lazy\" decoding=\"async\" width=\"512\" height=\"768\" src=\"http:\/\/www.haibach-donau.at\/wp-volksschule3\/wp-content\/uploads\/2024\/06\/EK-2024-2.jpg\" alt=\"\" class=\"wp-image-18955\" srcset=\"https:\/\/www.haibach-donau.at\/wp-volksschule3\/wp-content\/uploads\/2024\/06\/EK-2024-2.jpg 512w, https:\/\/www.haibach-donau.at\/wp-volksschule3\/wp-content\/uploads\/2024\/06\/EK-2024-2-200x300.jpg 200w\" sizes=\"(max-width: 512px) 100vw, 512px\" \/><\/a><\/figure>\n\n\n\n<p>&#8222;Der Herr ist mein Hirte&#8220; &#8211; so lautete das Thema an diesem Vormittag.<\/p>\n\n\n\n<figure class=\"wp-block-image size-full is-resized\"><a href=\"http:\/\/www.haibach-donau.at\/wp-volksschule3\/wp-content\/uploads\/2024\/06\/EK-2024-21.jpg\"><img loading=\"lazy\" decoding=\"async\" width=\"1024\" height=\"682\" src=\"http:\/\/www.haibach-donau.at\/wp-volksschule3\/wp-content\/uploads\/2024\/06\/EK-2024-21.jpg\" alt=\"\" class=\"wp-image-18930\" style=\"width:516px;height:auto\" srcset=\"https:\/\/www.haibach-donau.at\/wp-volksschule3\/wp-content\/uploads\/2024\/06\/EK-2024-21.jpg 1024w, https:\/\/www.haibach-donau.at\/wp-volksschule3\/wp-content\/uploads\/2024\/06\/EK-2024-21-300x200.jpg 300w, https:\/\/www.haibach-donau.at\/wp-volksschule3\/wp-content\/uploads\/2024\/06\/EK-2024-21-768x512.jpg 768w\" sizes=\"(max-width: 1024px) 100vw, 1024px\" \/><\/a><\/figure>\n\n\n\n<p>Unter einem strahlend blauen Himmel versammelten sich alle vor dem Gemeindeamt.<\/p>\n\n\n\n<figure class=\"wp-block-image size-full is-resized\"><a href=\"http:\/\/www.haibach-donau.at\/wp-volksschule3\/wp-content\/uploads\/2024\/06\/EK-2024-20.jpg\"><img loading=\"lazy\" decoding=\"async\" width=\"1024\" height=\"376\" src=\"http:\/\/www.haibach-donau.at\/wp-volksschule3\/wp-content\/uploads\/2024\/06\/EK-2024-20.jpg\" alt=\"\" class=\"wp-image-18932\" style=\"width:527px;height:auto\" srcset=\"https:\/\/www.haibach-donau.at\/wp-volksschule3\/wp-content\/uploads\/2024\/06\/EK-2024-20.jpg 1024w, https:\/\/www.haibach-donau.at\/wp-volksschule3\/wp-content\/uploads\/2024\/06\/EK-2024-20-300x110.jpg 300w, https:\/\/www.haibach-donau.at\/wp-volksschule3\/wp-content\/uploads\/2024\/06\/EK-2024-20-768x282.jpg 768w\" sizes=\"(max-width: 1024px) 100vw, 1024px\" \/><\/a><\/figure>\n\n\n\n<p>Nachdem auch die Musikkapelle Aufstellung genommen hatte,&#8230;<\/p>\n\n\n\n<figure class=\"wp-block-image size-full is-resized\"><a href=\"http:\/\/www.haibach-donau.at\/wp-volksschule3\/wp-content\/uploads\/2024\/06\/EK-2024-9-1.jpg\"><img loading=\"lazy\" decoding=\"async\" width=\"1024\" height=\"682\" src=\"http:\/\/www.haibach-donau.at\/wp-volksschule3\/wp-content\/uploads\/2024\/06\/EK-2024-9-1.jpg\" alt=\"\" class=\"wp-image-18934\" style=\"width:527px;height:auto\" srcset=\"https:\/\/www.haibach-donau.at\/wp-volksschule3\/wp-content\/uploads\/2024\/06\/EK-2024-9-1.jpg 1024w, https:\/\/www.haibach-donau.at\/wp-volksschule3\/wp-content\/uploads\/2024\/06\/EK-2024-9-1-300x200.jpg 300w, https:\/\/www.haibach-donau.at\/wp-volksschule3\/wp-content\/uploads\/2024\/06\/EK-2024-9-1-768x512.jpg 768w\" sizes=\"(max-width: 1024px) 100vw, 1024px\" \/><\/a><\/figure>\n\n\n\n<p>&#8230;konnte es auch schon losgehen.<\/p>\n\n\n\n<figure class=\"wp-block-image size-full is-resized\"><a href=\"http:\/\/www.haibach-donau.at\/wp-volksschule3\/wp-content\/uploads\/2024\/06\/EK-2024-10.jpg\"><img loading=\"lazy\" decoding=\"async\" width=\"1024\" height=\"735\" src=\"http:\/\/www.haibach-donau.at\/wp-volksschule3\/wp-content\/uploads\/2024\/06\/EK-2024-10.jpg\" alt=\"\" class=\"wp-image-18935\" style=\"width:526px;height:auto\" srcset=\"https:\/\/www.haibach-donau.at\/wp-volksschule3\/wp-content\/uploads\/2024\/06\/EK-2024-10.jpg 1024w, https:\/\/www.haibach-donau.at\/wp-volksschule3\/wp-content\/uploads\/2024\/06\/EK-2024-10-300x215.jpg 300w, https:\/\/www.haibach-donau.at\/wp-volksschule3\/wp-content\/uploads\/2024\/06\/EK-2024-10-768x551.jpg 768w\" sizes=\"(max-width: 1024px) 100vw, 1024px\" \/><\/a><\/figure>\n\n\n\n<p>Ganz besondere Augenblicke f\u00fcr Kinder, Eltern und ihre Angeh\u00f6rigen !<\/p>\n\n\n\n<figure class=\"wp-block-image size-full is-resized\"><a href=\"http:\/\/www.haibach-donau.at\/wp-volksschule3\/wp-content\/uploads\/2024\/06\/EK-2024-6.jpg\"><img loading=\"lazy\" decoding=\"async\" width=\"892\" height=\"768\" src=\"http:\/\/www.haibach-donau.at\/wp-volksschule3\/wp-content\/uploads\/2024\/06\/EK-2024-6.jpg\" alt=\"\" class=\"wp-image-18936\" style=\"width:527px;height:auto\" srcset=\"https:\/\/www.haibach-donau.at\/wp-volksschule3\/wp-content\/uploads\/2024\/06\/EK-2024-6.jpg 892w, https:\/\/www.haibach-donau.at\/wp-volksschule3\/wp-content\/uploads\/2024\/06\/EK-2024-6-300x258.jpg 300w, https:\/\/www.haibach-donau.at\/wp-volksschule3\/wp-content\/uploads\/2024\/06\/EK-2024-6-768x661.jpg 768w\" sizes=\"(max-width: 892px) 100vw, 892px\" \/><\/a><\/figure>\n\n\n\n<p>Die Freude steht auch den Lehrerinnen ins Gesicht geschrieben.<\/p>\n\n\n\n<figure class=\"wp-block-image size-full is-resized\"><a href=\"http:\/\/www.haibach-donau.at\/wp-volksschule3\/wp-content\/uploads\/2024\/06\/EK-2024-5-1.jpg\"><img loading=\"lazy\" decoding=\"async\" width=\"1024\" height=\"682\" src=\"http:\/\/www.haibach-donau.at\/wp-volksschule3\/wp-content\/uploads\/2024\/06\/EK-2024-5-1.jpg\" alt=\"\" class=\"wp-image-18939\" style=\"width:522px;height:auto\" srcset=\"https:\/\/www.haibach-donau.at\/wp-volksschule3\/wp-content\/uploads\/2024\/06\/EK-2024-5-1.jpg 1024w, https:\/\/www.haibach-donau.at\/wp-volksschule3\/wp-content\/uploads\/2024\/06\/EK-2024-5-1-300x200.jpg 300w, https:\/\/www.haibach-donau.at\/wp-volksschule3\/wp-content\/uploads\/2024\/06\/EK-2024-5-1-768x512.jpg 768w\" sizes=\"(max-width: 1024px) 100vw, 1024px\" \/><\/a><\/figure>\n\n\n\n<p>In der Kirche hatten unterdessen schon die G\u00e4ste Platz genommen.<\/p>\n\n\n\n<figure class=\"wp-block-image size-full is-resized\"><a href=\"http:\/\/www.haibach-donau.at\/wp-volksschule3\/wp-content\/uploads\/2024\/06\/EK-2024-1.jpg\"><img loading=\"lazy\" decoding=\"async\" width=\"1024\" height=\"682\" src=\"http:\/\/www.haibach-donau.at\/wp-volksschule3\/wp-content\/uploads\/2024\/06\/EK-2024-1.jpg\" alt=\"\" class=\"wp-image-18940\" style=\"width:523px;height:auto\" srcset=\"https:\/\/www.haibach-donau.at\/wp-volksschule3\/wp-content\/uploads\/2024\/06\/EK-2024-1.jpg 1024w, https:\/\/www.haibach-donau.at\/wp-volksschule3\/wp-content\/uploads\/2024\/06\/EK-2024-1-300x200.jpg 300w, https:\/\/www.haibach-donau.at\/wp-volksschule3\/wp-content\/uploads\/2024\/06\/EK-2024-1-768x512.jpg 768w\" sizes=\"(max-width: 1024px) 100vw, 1024px\" \/><\/a><\/figure>\n\n\n\n<p>Auch von der musikalischen Begleitung unter der Leitung von Roswitha Steindl wurden die Kinder erwartet.<\/p>\n\n\n\n<figure class=\"wp-block-image size-full is-resized\"><a href=\"http:\/\/www.haibach-donau.at\/wp-volksschule3\/wp-content\/uploads\/2024\/06\/EK-2024-22.jpg\"><img loading=\"lazy\" decoding=\"async\" width=\"1024\" height=\"682\" src=\"http:\/\/www.haibach-donau.at\/wp-volksschule3\/wp-content\/uploads\/2024\/06\/EK-2024-22.jpg\" alt=\"\" class=\"wp-image-18941\" style=\"width:540px;height:auto\" srcset=\"https:\/\/www.haibach-donau.at\/wp-volksschule3\/wp-content\/uploads\/2024\/06\/EK-2024-22.jpg 1024w, https:\/\/www.haibach-donau.at\/wp-volksschule3\/wp-content\/uploads\/2024\/06\/EK-2024-22-300x200.jpg 300w, https:\/\/www.haibach-donau.at\/wp-volksschule3\/wp-content\/uploads\/2024\/06\/EK-2024-22-768x512.jpg 768w\" sizes=\"(max-width: 1024px) 100vw, 1024px\" \/><\/a><\/figure>\n\n\n\n<p>Nachdem alle ihre Pl\u00e4tze eingenommen hatten, wurde es ganz still in der Kirche.<\/p>\n\n\n\n<figure class=\"wp-block-image size-full is-resized\"><a href=\"http:\/\/www.haibach-donau.at\/wp-volksschule3\/wp-content\/uploads\/2024\/06\/EK-2024-27.jpg\"><img loading=\"lazy\" decoding=\"async\" width=\"1024\" height=\"682\" src=\"http:\/\/www.haibach-donau.at\/wp-volksschule3\/wp-content\/uploads\/2024\/06\/EK-2024-27.jpg\" alt=\"\" class=\"wp-image-18942\" style=\"width:541px;height:auto\" srcset=\"https:\/\/www.haibach-donau.at\/wp-volksschule3\/wp-content\/uploads\/2024\/06\/EK-2024-27.jpg 1024w, https:\/\/www.haibach-donau.at\/wp-volksschule3\/wp-content\/uploads\/2024\/06\/EK-2024-27-300x200.jpg 300w, https:\/\/www.haibach-donau.at\/wp-volksschule3\/wp-content\/uploads\/2024\/06\/EK-2024-27-768x512.jpg 768w\" sizes=\"(max-width: 1024px) 100vw, 1024px\" \/><\/a><\/figure>\n\n\n\n<p>Religionslehrerin Nora Lechner und unser Pfarrer Paulinus und er\u00f6ffneten schlie\u00dflich den feierlichen Gottesdienst.<\/p>\n\n\n\n<figure class=\"wp-block-image size-full is-resized\"><a href=\"http:\/\/www.haibach-donau.at\/wp-volksschule3\/wp-content\/uploads\/2024\/06\/EK-2024-26.jpg\"><img loading=\"lazy\" decoding=\"async\" width=\"1024\" height=\"682\" src=\"http:\/\/www.haibach-donau.at\/wp-volksschule3\/wp-content\/uploads\/2024\/06\/EK-2024-26.jpg\" alt=\"\" class=\"wp-image-18943\" style=\"width:547px;height:auto\" srcset=\"https:\/\/www.haibach-donau.at\/wp-volksschule3\/wp-content\/uploads\/2024\/06\/EK-2024-26.jpg 1024w, https:\/\/www.haibach-donau.at\/wp-volksschule3\/wp-content\/uploads\/2024\/06\/EK-2024-26-300x200.jpg 300w, https:\/\/www.haibach-donau.at\/wp-volksschule3\/wp-content\/uploads\/2024\/06\/EK-2024-26-768x512.jpg 768w\" sizes=\"(max-width: 1024px) 100vw, 1024px\" \/><\/a><\/figure>\n\n\n\n<p>Flei\u00dfig zeigten die Kinder bei den Fragen des Pfarrers auf.<\/p>\n\n\n\n<figure class=\"wp-block-image size-full is-resized\"><a href=\"http:\/\/www.haibach-donau.at\/wp-volksschule3\/wp-content\/uploads\/2024\/06\/EK-2024-3.jpg\"><img loading=\"lazy\" decoding=\"async\" width=\"1024\" height=\"682\" src=\"http:\/\/www.haibach-donau.at\/wp-volksschule3\/wp-content\/uploads\/2024\/06\/EK-2024-3.jpg\" alt=\"\" class=\"wp-image-18944\" style=\"width:553px;height:auto\" srcset=\"https:\/\/www.haibach-donau.at\/wp-volksschule3\/wp-content\/uploads\/2024\/06\/EK-2024-3.jpg 1024w, https:\/\/www.haibach-donau.at\/wp-volksschule3\/wp-content\/uploads\/2024\/06\/EK-2024-3-300x200.jpg 300w, https:\/\/www.haibach-donau.at\/wp-volksschule3\/wp-content\/uploads\/2024\/06\/EK-2024-3-768x512.jpg 768w\" sizes=\"(max-width: 1024px) 100vw, 1024px\" \/><\/a><\/figure>\n\n\n\n<p>Ein sehr ber\u00fchrender Moment ist es immer wieder, &#8230;<\/p>\n\n\n\n<figure class=\"wp-block-image size-full is-resized\"><a href=\"http:\/\/www.haibach-donau.at\/wp-volksschule3\/wp-content\/uploads\/2024\/06\/EK-2024-13.jpg\"><img loading=\"lazy\" decoding=\"async\" width=\"512\" height=\"768\" src=\"http:\/\/www.haibach-donau.at\/wp-volksschule3\/wp-content\/uploads\/2024\/06\/EK-2024-13.jpg\" alt=\"\" class=\"wp-image-18945\" style=\"width:555px;height:auto\" srcset=\"https:\/\/www.haibach-donau.at\/wp-volksschule3\/wp-content\/uploads\/2024\/06\/EK-2024-13.jpg 512w, https:\/\/www.haibach-donau.at\/wp-volksschule3\/wp-content\/uploads\/2024\/06\/EK-2024-13-200x300.jpg 200w\" sizes=\"(max-width: 512px) 100vw, 512px\" \/><\/a><\/figure>\n\n\n\n<p>&#8230; wenn die Taufpaten die Kinder &#8230;.<\/p>\n\n\n\n<figure class=\"wp-block-image size-full is-resized\"><a href=\"http:\/\/www.haibach-donau.at\/wp-volksschule3\/wp-content\/uploads\/2024\/06\/EK-2024-11.jpg\"><img loading=\"lazy\" decoding=\"async\" width=\"1024\" height=\"682\" src=\"http:\/\/www.haibach-donau.at\/wp-volksschule3\/wp-content\/uploads\/2024\/06\/EK-2024-11.jpg\" alt=\"\" class=\"wp-image-18946\" style=\"width:562px;height:auto\" srcset=\"https:\/\/www.haibach-donau.at\/wp-volksschule3\/wp-content\/uploads\/2024\/06\/EK-2024-11.jpg 1024w, https:\/\/www.haibach-donau.at\/wp-volksschule3\/wp-content\/uploads\/2024\/06\/EK-2024-11-300x200.jpg 300w, https:\/\/www.haibach-donau.at\/wp-volksschule3\/wp-content\/uploads\/2024\/06\/EK-2024-11-768x512.jpg 768w\" sizes=\"(max-width: 1024px) 100vw, 1024px\" \/><\/a><\/figure>\n\n\n\n<p>&#8230; bei ihrem Versprechen unterst\u00fctzen.<\/p>\n\n\n\n<figure class=\"wp-block-image size-full is-resized\"><a href=\"http:\/\/www.haibach-donau.at\/wp-volksschule3\/wp-content\/uploads\/2024\/06\/EK-2024-4.jpg\"><img loading=\"lazy\" decoding=\"async\" width=\"1024\" height=\"682\" src=\"http:\/\/www.haibach-donau.at\/wp-volksschule3\/wp-content\/uploads\/2024\/06\/EK-2024-4.jpg\" alt=\"\" class=\"wp-image-18947\" style=\"width:569px;height:auto\" srcset=\"https:\/\/www.haibach-donau.at\/wp-volksschule3\/wp-content\/uploads\/2024\/06\/EK-2024-4.jpg 1024w, https:\/\/www.haibach-donau.at\/wp-volksschule3\/wp-content\/uploads\/2024\/06\/EK-2024-4-300x200.jpg 300w, https:\/\/www.haibach-donau.at\/wp-volksschule3\/wp-content\/uploads\/2024\/06\/EK-2024-4-768x512.jpg 768w\" sizes=\"(max-width: 1024px) 100vw, 1024px\" \/><\/a><\/figure>\n\n\n\n<p>Schlie\u00dflich durften die Kinder den Leib Christi zum ersten Mal empfangen.<\/p>\n\n\n\n<figure class=\"wp-block-image size-full is-resized\"><a href=\"http:\/\/www.haibach-donau.at\/wp-volksschule3\/wp-content\/uploads\/2024\/06\/EK-2024-18.jpg\"><img loading=\"lazy\" decoding=\"async\" width=\"1024\" height=\"682\" src=\"http:\/\/www.haibach-donau.at\/wp-volksschule3\/wp-content\/uploads\/2024\/06\/EK-2024-18.jpg\" alt=\"\" class=\"wp-image-18948\" style=\"width:573px;height:auto\" srcset=\"https:\/\/www.haibach-donau.at\/wp-volksschule3\/wp-content\/uploads\/2024\/06\/EK-2024-18.jpg 1024w, https:\/\/www.haibach-donau.at\/wp-volksschule3\/wp-content\/uploads\/2024\/06\/EK-2024-18-300x200.jpg 300w, https:\/\/www.haibach-donau.at\/wp-volksschule3\/wp-content\/uploads\/2024\/06\/EK-2024-18-768x512.jpg 768w\" sizes=\"(max-width: 1024px) 100vw, 1024px\" \/><\/a><\/figure>\n\n\n\n<p>Eltern und Lehrerinnen lasen ihre F\u00fcrbitten vor.<\/p>\n\n\n\n<figure class=\"wp-block-image size-large is-resized\"><a href=\"http:\/\/www.haibach-donau.at\/wp-volksschule3\/wp-content\/uploads\/2024\/06\/20240509_Erstkommunion-Haibach_0293_IMG_7395-1-scaled.jpg\"><img loading=\"lazy\" decoding=\"async\" width=\"1024\" height=\"683\" src=\"http:\/\/www.haibach-donau.at\/wp-volksschule3\/wp-content\/uploads\/2024\/06\/20240509_Erstkommunion-Haibach_0293_IMG_7395-1-1024x683.jpg\" alt=\"\" class=\"wp-image-18958\" style=\"width:569px;height:auto\" srcset=\"https:\/\/www.haibach-donau.at\/wp-volksschule3\/wp-content\/uploads\/2024\/06\/20240509_Erstkommunion-Haibach_0293_IMG_7395-1-1024x683.jpg 1024w, https:\/\/www.haibach-donau.at\/wp-volksschule3\/wp-content\/uploads\/2024\/06\/20240509_Erstkommunion-Haibach_0293_IMG_7395-1-300x200.jpg 300w, https:\/\/www.haibach-donau.at\/wp-volksschule3\/wp-content\/uploads\/2024\/06\/20240509_Erstkommunion-Haibach_0293_IMG_7395-1-768x512.jpg 768w, https:\/\/www.haibach-donau.at\/wp-volksschule3\/wp-content\/uploads\/2024\/06\/20240509_Erstkommunion-Haibach_0293_IMG_7395-1-1536x1024.jpg 1536w, https:\/\/www.haibach-donau.at\/wp-volksschule3\/wp-content\/uploads\/2024\/06\/20240509_Erstkommunion-Haibach_0293_IMG_7395-1-2048x1365.jpg 2048w\" sizes=\"(max-width: 1024px) 100vw, 1024px\" \/><\/a><\/figure>\n\n\n\n<p>Danach erhielten alle Kinder&#8230; <\/p>\n\n\n\n<figure class=\"wp-block-image size-large is-resized\"><a href=\"http:\/\/www.haibach-donau.at\/wp-volksschule3\/wp-content\/uploads\/2024\/06\/20240509_Erstkommunion-Haibach_0287_IMG_7377-scaled.jpg\"><img loading=\"lazy\" decoding=\"async\" width=\"1024\" height=\"683\" src=\"http:\/\/www.haibach-donau.at\/wp-volksschule3\/wp-content\/uploads\/2024\/06\/20240509_Erstkommunion-Haibach_0287_IMG_7377-1024x683.jpg\" alt=\"\" class=\"wp-image-18959\" style=\"width:570px;height:auto\" srcset=\"https:\/\/www.haibach-donau.at\/wp-volksschule3\/wp-content\/uploads\/2024\/06\/20240509_Erstkommunion-Haibach_0287_IMG_7377-1024x683.jpg 1024w, https:\/\/www.haibach-donau.at\/wp-volksschule3\/wp-content\/uploads\/2024\/06\/20240509_Erstkommunion-Haibach_0287_IMG_7377-300x200.jpg 300w, https:\/\/www.haibach-donau.at\/wp-volksschule3\/wp-content\/uploads\/2024\/06\/20240509_Erstkommunion-Haibach_0287_IMG_7377-768x512.jpg 768w, https:\/\/www.haibach-donau.at\/wp-volksschule3\/wp-content\/uploads\/2024\/06\/20240509_Erstkommunion-Haibach_0287_IMG_7377-1536x1024.jpg 1536w, https:\/\/www.haibach-donau.at\/wp-volksschule3\/wp-content\/uploads\/2024\/06\/20240509_Erstkommunion-Haibach_0287_IMG_7377-2048x1365.jpg 2048w\" sizes=\"(max-width: 1024px) 100vw, 1024px\" \/><\/a><\/figure>\n\n\n\n<p>&#8230; ein sch\u00f6n bemaltes Kreuz.<\/p>\n\n\n\n<figure class=\"wp-block-image size-full is-resized\"><a href=\"http:\/\/www.haibach-donau.at\/wp-volksschule3\/wp-content\/uploads\/2024\/06\/EK-2024-8.jpg\"><img loading=\"lazy\" decoding=\"async\" width=\"1024\" height=\"682\" src=\"http:\/\/www.haibach-donau.at\/wp-volksschule3\/wp-content\/uploads\/2024\/06\/EK-2024-8.jpg\" alt=\"\" class=\"wp-image-18949\" style=\"width:576px;height:auto\" srcset=\"https:\/\/www.haibach-donau.at\/wp-volksschule3\/wp-content\/uploads\/2024\/06\/EK-2024-8.jpg 1024w, https:\/\/www.haibach-donau.at\/wp-volksschule3\/wp-content\/uploads\/2024\/06\/EK-2024-8-300x200.jpg 300w, https:\/\/www.haibach-donau.at\/wp-volksschule3\/wp-content\/uploads\/2024\/06\/EK-2024-8-768x512.jpg 768w\" sizes=\"(max-width: 1024px) 100vw, 1024px\" \/><\/a><\/figure>\n\n\n\n<p>Die Kinder der 2. Klasse, die ihre Klassenkameraden begleitet hatten, bekamen ein kleines Andenken &#8211; auch in diesem Jahr wurden die Kreuze zusammen mit Christa Stra\u00dfl in der Schule geformt und von Gerti Pl\u00f6ckinger liebevoll bemalt &#8211; herzlichen Dank daf\u00fcr !<\/p>\n\n\n\n<figure class=\"wp-block-image size-full is-resized\"><a href=\"http:\/\/www.haibach-donau.at\/wp-volksschule3\/wp-content\/uploads\/2024\/06\/EK-2024-14.jpg\"><img loading=\"lazy\" decoding=\"async\" width=\"768\" height=\"768\" src=\"http:\/\/www.haibach-donau.at\/wp-volksschule3\/wp-content\/uploads\/2024\/06\/EK-2024-14.jpg\" alt=\"\" class=\"wp-image-18950\" style=\"width:581px;height:auto\" srcset=\"https:\/\/www.haibach-donau.at\/wp-volksschule3\/wp-content\/uploads\/2024\/06\/EK-2024-14.jpg 768w, https:\/\/www.haibach-donau.at\/wp-volksschule3\/wp-content\/uploads\/2024\/06\/EK-2024-14-300x300.jpg 300w, https:\/\/www.haibach-donau.at\/wp-volksschule3\/wp-content\/uploads\/2024\/06\/EK-2024-14-150x150.jpg 150w\" sizes=\"(max-width: 768px) 100vw, 768px\" \/><\/a><\/figure>\n\n\n\n<p>Nach dem Gottesdienst wurde nat\u00fcrlich ein gemeinsames Foto gemacht.<\/p>\n\n\n\n<figure class=\"wp-block-image size-full\"><a href=\"http:\/\/www.haibach-donau.at\/wp-volksschule3\/wp-content\/uploads\/2024\/06\/EK-2024-19.jpg\"><img loading=\"lazy\" decoding=\"async\" width=\"512\" height=\"768\" src=\"http:\/\/www.haibach-donau.at\/wp-volksschule3\/wp-content\/uploads\/2024\/06\/EK-2024-19.jpg\" alt=\"\" class=\"wp-image-18952\" srcset=\"https:\/\/www.haibach-donau.at\/wp-volksschule3\/wp-content\/uploads\/2024\/06\/EK-2024-19.jpg 512w, https:\/\/www.haibach-donau.at\/wp-volksschule3\/wp-content\/uploads\/2024\/06\/EK-2024-19-200x300.jpg 200w\" sizes=\"(max-width: 512px) 100vw, 512px\" \/><\/a><\/figure>\n\n\n\n<p>Anschlie\u00dfend gab es ein kleines Fr\u00fchst\u00fcck im Pfarrhof f\u00fcr alle &#8211; wir sagen dankesch\u00f6n !<\/p>\n\n\n\n<figure class=\"wp-block-image size-full is-resized\"><a href=\"http:\/\/www.haibach-donau.at\/wp-volksschule3\/wp-content\/uploads\/2024\/06\/EK-2024-23.jpg\"><img loading=\"lazy\" decoding=\"async\" width=\"1024\" height=\"682\" src=\"http:\/\/www.haibach-donau.at\/wp-volksschule3\/wp-content\/uploads\/2024\/06\/EK-2024-23.jpg\" alt=\"\" class=\"wp-image-18953\" style=\"width:608px;height:auto\" srcset=\"https:\/\/www.haibach-donau.at\/wp-volksschule3\/wp-content\/uploads\/2024\/06\/EK-2024-23.jpg 1024w, https:\/\/www.haibach-donau.at\/wp-volksschule3\/wp-content\/uploads\/2024\/06\/EK-2024-23-300x200.jpg 300w, https:\/\/www.haibach-donau.at\/wp-volksschule3\/wp-content\/uploads\/2024\/06\/EK-2024-23-768x512.jpg 768w\" sizes=\"(max-width: 1024px) 100vw, 1024px\" \/><\/a><\/figure>\n\n\n\n<p>Ein ganz besonderer Tag !<\/p>\n\n\n\n<figure class=\"wp-block-image size-full is-resized\"><a href=\"http:\/\/www.haibach-donau.at\/wp-volksschule3\/wp-content\/uploads\/2024\/06\/EK-2024-7.jpg\"><img loading=\"lazy\" decoding=\"async\" width=\"1024\" height=\"428\" src=\"http:\/\/www.haibach-donau.at\/wp-volksschule3\/wp-content\/uploads\/2024\/06\/EK-2024-7.jpg\" alt=\"\" class=\"wp-image-18954\" style=\"width:609px;height:auto\" srcset=\"https:\/\/www.haibach-donau.at\/wp-volksschule3\/wp-content\/uploads\/2024\/06\/EK-2024-7.jpg 1024w, https:\/\/www.haibach-donau.at\/wp-volksschule3\/wp-content\/uploads\/2024\/06\/EK-2024-7-300x125.jpg 300w, https:\/\/www.haibach-donau.at\/wp-volksschule3\/wp-content\/uploads\/2024\/06\/EK-2024-7-768x321.jpg 768w\" sizes=\"(max-width: 1024px) 100vw, 1024px\" \/><\/a><\/figure>\n\n\n\n<p>Auch die Lehrerinnen und Pfarrer Paulinus lie\u00dfen sich das Fr\u00fchst\u00fcck gut schmecken.<\/p>\n\n\n\n<p>Fotos: Johannes Kaindlstorfer und VS Haibach<\/p>\n","protected":false},"excerpt":{"rendered":"<p>Am 9. Mai war es soweit: Unsere Zweitkl\u00e4ssler hatten Erstkommunion !<\/p>\n","protected":false},"author":2,"featured_media":0,"comment_status":"open","ping_status":"closed","sticky":false,"template":"","format":"standard","meta":{"footnotes":""},"categories":[64],"tags":[],"_links":{"self":[{"href":"https:\/\/www.haibach-donau.at\/wp-volksschule3\/index.php?rest_route=\/wp\/v2\/posts\/18928"}],"collection":[{"href":"https:\/\/www.haibach-donau.at\/wp-volksschule3\/index.php?rest_route=\/wp\/v2\/posts"}],"about":[{"href":"https:\/\/www.haibach-donau.at\/wp-volksschule3\/index.php?rest_route=\/wp\/v2\/types\/post"}],"author":[{"embeddable":true,"href":"https:\/\/www.haibach-donau.at\/wp-volksschule3\/index.php?rest_route=\/wp\/v2\/users\/2"}],"replies":[{"embeddable":true,"href":"https:\/\/www.haibach-donau.at\/wp-volksschule3\/index.php?rest_route=%2Fwp%2Fv2%2Fcomments&post=18928"}],"version-history":[{"count":4,"href":"https:\/\/www.haibach-donau.at\/wp-volksschule3\/index.php?rest_route=\/wp\/v2\/posts\/18928\/revisions"}],"predecessor-version":[{"id":18961,"href":"https:\/\/www.haibach-donau.at\/wp-volksschule3\/index.php?rest_route=\/wp\/v2\/posts\/18928\/revisions\/18961"}],"wp:attachment":[{"href":"https:\/\/www.haibach-donau.at\/wp-volksschule3\/index.php?rest_route=%2Fwp%2Fv2%2Fmedia&parent=18928"}],"wp:term":[{"taxonomy":"category","embeddable":true,"href":"https:\/\/www.haibach-donau.at\/wp-volksschule3\/index.php?rest_route=%2Fwp%2Fv2%2Fcategories&post=18928"},{"taxonomy":"post_tag","embeddable":true,"href":"https:\/\/www.haibach-donau.at\/wp-volksschule3\/index.php?rest_route=%2Fwp%2Fv2%2Ftags&post=18928"}],"curies":[{"name":"wp","href":"https:\/\/api.w.org\/{rel}","templated":true}]}}