{"id":16705,"date":"2023-06-07T21:15:22","date_gmt":"2023-06-07T20:15:22","guid":{"rendered":"http:\/\/www.haibach-donau.at\/wp-volksschule3\/?p=16705"},"modified":"2023-06-07T21:15:22","modified_gmt":"2023-06-07T20:15:22","slug":"erstkommunion-2023","status":"publish","type":"post","link":"https:\/\/www.haibach-donau.at\/wp-volksschule3\/?p=16705","title":{"rendered":"Erstkommunion 2023"},"content":{"rendered":"\n<p><\/p>\n\n\n\n<figure class=\"wp-block-image size-thumbnail\"><a href=\"http:\/\/www.haibach-donau.at\/wp-volksschule3\/wp-content\/uploads\/2023\/06\/2023-05-18_Erstkommunion-Haibach_0002_IMG_2371.jpg\"><img loading=\"lazy\" decoding=\"async\" width=\"150\" height=\"150\" src=\"http:\/\/www.haibach-donau.at\/wp-volksschule3\/wp-content\/uploads\/2023\/06\/2023-05-18_Erstkommunion-Haibach_0002_IMG_2371-150x150.jpg\" alt=\"\" class=\"wp-image-16723\"\/><\/a><figcaption class=\"wp-element-caption\">Unsere Zweitkl\u00e4ssler feierten am 18. Mai ihre Erstkommunion.<\/figcaption><\/figure>\n\n\n\n<p>Immer gespannter wurden sie in der Zeit der Vorbereitung, die ja nicht nur in der Schule, sondern auch bei Tischm\u00fcttern und in der Pfarrgemeinde stattfindet.<\/p>\n\n\n\n<!--more-->\n\n\n\n<p>Das \u00dcben hat sich ausgezahlt, alle Kinder der Klasse konnten teilnehmen, ob als Kommunionkinder oder als unsere G\u00e4ste. Einige \u00e4ltere Kinder aus der Schule haben unser Singen unterst\u00fctzt. Danke ihnen und allen, die diesen Tag zu einem Fest gemacht haben!<\/p>\n\n\n\n<figure class=\"wp-block-image size-full\"><a href=\"http:\/\/www.haibach-donau.at\/wp-volksschule3\/wp-content\/uploads\/2023\/06\/2023-05-18_Erstkommunion-Haibach_0011_IMG_2386.jpg\"><img loading=\"lazy\" decoding=\"async\" width=\"1000\" height=\"666\" src=\"http:\/\/www.haibach-donau.at\/wp-volksschule3\/wp-content\/uploads\/2023\/06\/2023-05-18_Erstkommunion-Haibach_0011_IMG_2386.jpg\" alt=\"\" class=\"wp-image-16726\" srcset=\"https:\/\/www.haibach-donau.at\/wp-volksschule3\/wp-content\/uploads\/2023\/06\/2023-05-18_Erstkommunion-Haibach_0011_IMG_2386.jpg 1000w, https:\/\/www.haibach-donau.at\/wp-volksschule3\/wp-content\/uploads\/2023\/06\/2023-05-18_Erstkommunion-Haibach_0011_IMG_2386-300x200.jpg 300w, https:\/\/www.haibach-donau.at\/wp-volksschule3\/wp-content\/uploads\/2023\/06\/2023-05-18_Erstkommunion-Haibach_0011_IMG_2386-768x511.jpg 768w\" sizes=\"(max-width: 1000px) 100vw, 1000px\" \/><\/a><figcaption class=\"wp-element-caption\">Aufstellung zum Einzug beim Gemeindeamt<\/figcaption><\/figure>\n\n\n\n<figure class=\"wp-block-image size-full\"><a href=\"http:\/\/www.haibach-donau.at\/wp-volksschule3\/wp-content\/uploads\/2023\/06\/2023-05-18_Erstkommunion-Haibach_0038_IMG_2403.jpg\"><img loading=\"lazy\" decoding=\"async\" width=\"1000\" height=\"666\" src=\"http:\/\/www.haibach-donau.at\/wp-volksschule3\/wp-content\/uploads\/2023\/06\/2023-05-18_Erstkommunion-Haibach_0038_IMG_2403.jpg\" alt=\"\" class=\"wp-image-16727\" srcset=\"https:\/\/www.haibach-donau.at\/wp-volksschule3\/wp-content\/uploads\/2023\/06\/2023-05-18_Erstkommunion-Haibach_0038_IMG_2403.jpg 1000w, https:\/\/www.haibach-donau.at\/wp-volksschule3\/wp-content\/uploads\/2023\/06\/2023-05-18_Erstkommunion-Haibach_0038_IMG_2403-300x200.jpg 300w, https:\/\/www.haibach-donau.at\/wp-volksschule3\/wp-content\/uploads\/2023\/06\/2023-05-18_Erstkommunion-Haibach_0038_IMG_2403-768x511.jpg 768w\" sizes=\"(max-width: 1000px) 100vw, 1000px\" \/><\/a><\/figure>\n\n\n\n<figure class=\"wp-block-image size-full\"><a href=\"http:\/\/www.haibach-donau.at\/wp-volksschule3\/wp-content\/uploads\/2023\/06\/2023-05-18_Erstkommunion-Haibach_0073_IMG_2448.jpg\"><img loading=\"lazy\" decoding=\"async\" width=\"1000\" height=\"666\" src=\"http:\/\/www.haibach-donau.at\/wp-volksschule3\/wp-content\/uploads\/2023\/06\/2023-05-18_Erstkommunion-Haibach_0073_IMG_2448.jpg\" alt=\"\" class=\"wp-image-16729\" srcset=\"https:\/\/www.haibach-donau.at\/wp-volksschule3\/wp-content\/uploads\/2023\/06\/2023-05-18_Erstkommunion-Haibach_0073_IMG_2448.jpg 1000w, https:\/\/www.haibach-donau.at\/wp-volksschule3\/wp-content\/uploads\/2023\/06\/2023-05-18_Erstkommunion-Haibach_0073_IMG_2448-300x200.jpg 300w, https:\/\/www.haibach-donau.at\/wp-volksschule3\/wp-content\/uploads\/2023\/06\/2023-05-18_Erstkommunion-Haibach_0073_IMG_2448-768x511.jpg 768w\" sizes=\"(max-width: 1000px) 100vw, 1000px\" \/><\/a><\/figure>\n\n\n\n<figure class=\"wp-block-image size-full\"><a href=\"http:\/\/www.haibach-donau.at\/wp-volksschule3\/wp-content\/uploads\/2023\/06\/2023-05-18_Erstkommunion-Haibach_0005_IMG_2376.jpg\"><img loading=\"lazy\" decoding=\"async\" width=\"1000\" height=\"666\" src=\"http:\/\/www.haibach-donau.at\/wp-volksschule3\/wp-content\/uploads\/2023\/06\/2023-05-18_Erstkommunion-Haibach_0005_IMG_2376.jpg\" alt=\"\" class=\"wp-image-16725\" srcset=\"https:\/\/www.haibach-donau.at\/wp-volksschule3\/wp-content\/uploads\/2023\/06\/2023-05-18_Erstkommunion-Haibach_0005_IMG_2376.jpg 1000w, https:\/\/www.haibach-donau.at\/wp-volksschule3\/wp-content\/uploads\/2023\/06\/2023-05-18_Erstkommunion-Haibach_0005_IMG_2376-300x200.jpg 300w, https:\/\/www.haibach-donau.at\/wp-volksschule3\/wp-content\/uploads\/2023\/06\/2023-05-18_Erstkommunion-Haibach_0005_IMG_2376-768x511.jpg 768w\" sizes=\"(max-width: 1000px) 100vw, 1000px\" \/><\/a><figcaption class=\"wp-element-caption\">Unsere Musikgruppe<\/figcaption><\/figure>\n\n\n\n<figure class=\"wp-block-image size-full\"><a href=\"http:\/\/www.haibach-donau.at\/wp-volksschule3\/wp-content\/uploads\/2023\/06\/2023-05-18_Erstkommunion-Haibach_0100_IMG_2462.jpg\"><img loading=\"lazy\" decoding=\"async\" width=\"1000\" height=\"666\" src=\"http:\/\/www.haibach-donau.at\/wp-volksschule3\/wp-content\/uploads\/2023\/06\/2023-05-18_Erstkommunion-Haibach_0100_IMG_2462.jpg\" alt=\"\" class=\"wp-image-16732\" srcset=\"https:\/\/www.haibach-donau.at\/wp-volksschule3\/wp-content\/uploads\/2023\/06\/2023-05-18_Erstkommunion-Haibach_0100_IMG_2462.jpg 1000w, https:\/\/www.haibach-donau.at\/wp-volksschule3\/wp-content\/uploads\/2023\/06\/2023-05-18_Erstkommunion-Haibach_0100_IMG_2462-300x200.jpg 300w, https:\/\/www.haibach-donau.at\/wp-volksschule3\/wp-content\/uploads\/2023\/06\/2023-05-18_Erstkommunion-Haibach_0100_IMG_2462-768x511.jpg 768w\" sizes=\"(max-width: 1000px) 100vw, 1000px\" \/><\/a><\/figure>\n\n\n\n<figure class=\"wp-block-image size-full\"><a href=\"http:\/\/www.haibach-donau.at\/wp-volksschule3\/wp-content\/uploads\/2023\/06\/2023-05-18_Erstkommunion-Haibach_0096_IMG_2453.jpg\"><img loading=\"lazy\" decoding=\"async\" width=\"1000\" height=\"666\" src=\"http:\/\/www.haibach-donau.at\/wp-volksschule3\/wp-content\/uploads\/2023\/06\/2023-05-18_Erstkommunion-Haibach_0096_IMG_2453.jpg\" alt=\"\" class=\"wp-image-16731\" srcset=\"https:\/\/www.haibach-donau.at\/wp-volksschule3\/wp-content\/uploads\/2023\/06\/2023-05-18_Erstkommunion-Haibach_0096_IMG_2453.jpg 1000w, https:\/\/www.haibach-donau.at\/wp-volksschule3\/wp-content\/uploads\/2023\/06\/2023-05-18_Erstkommunion-Haibach_0096_IMG_2453-300x200.jpg 300w, https:\/\/www.haibach-donau.at\/wp-volksschule3\/wp-content\/uploads\/2023\/06\/2023-05-18_Erstkommunion-Haibach_0096_IMG_2453-768x511.jpg 768w\" sizes=\"(max-width: 1000px) 100vw, 1000px\" \/><\/a><figcaption class=\"wp-element-caption\">Wir singen ein Loblied f\u00fcr Gott!<\/figcaption><\/figure>\n\n\n\n<figure class=\"wp-block-image size-full\"><a href=\"http:\/\/www.haibach-donau.at\/wp-volksschule3\/wp-content\/uploads\/2023\/06\/2023-05-18_Erstkommunion-Haibach_0106_IMG_2473.jpg\"><img loading=\"lazy\" decoding=\"async\" width=\"1000\" height=\"666\" src=\"http:\/\/www.haibach-donau.at\/wp-volksschule3\/wp-content\/uploads\/2023\/06\/2023-05-18_Erstkommunion-Haibach_0106_IMG_2473.jpg\" alt=\"\" class=\"wp-image-16734\" srcset=\"https:\/\/www.haibach-donau.at\/wp-volksschule3\/wp-content\/uploads\/2023\/06\/2023-05-18_Erstkommunion-Haibach_0106_IMG_2473.jpg 1000w, https:\/\/www.haibach-donau.at\/wp-volksschule3\/wp-content\/uploads\/2023\/06\/2023-05-18_Erstkommunion-Haibach_0106_IMG_2473-300x200.jpg 300w, https:\/\/www.haibach-donau.at\/wp-volksschule3\/wp-content\/uploads\/2023\/06\/2023-05-18_Erstkommunion-Haibach_0106_IMG_2473-768x511.jpg 768w\" sizes=\"(max-width: 1000px) 100vw, 1000px\" \/><\/a><\/figure>\n\n\n\n<figure class=\"wp-block-image size-full\"><a href=\"http:\/\/www.haibach-donau.at\/wp-volksschule3\/wp-content\/uploads\/2023\/06\/2023-05-18_Erstkommunion-Haibach_0213_IMG_6084.jpg\"><img loading=\"lazy\" decoding=\"async\" width=\"1000\" height=\"666\" src=\"http:\/\/www.haibach-donau.at\/wp-volksschule3\/wp-content\/uploads\/2023\/06\/2023-05-18_Erstkommunion-Haibach_0213_IMG_6084.jpg\" alt=\"\" class=\"wp-image-16735\" srcset=\"https:\/\/www.haibach-donau.at\/wp-volksschule3\/wp-content\/uploads\/2023\/06\/2023-05-18_Erstkommunion-Haibach_0213_IMG_6084.jpg 1000w, https:\/\/www.haibach-donau.at\/wp-volksschule3\/wp-content\/uploads\/2023\/06\/2023-05-18_Erstkommunion-Haibach_0213_IMG_6084-300x200.jpg 300w, https:\/\/www.haibach-donau.at\/wp-volksschule3\/wp-content\/uploads\/2023\/06\/2023-05-18_Erstkommunion-Haibach_0213_IMG_6084-768x511.jpg 768w\" sizes=\"(max-width: 1000px) 100vw, 1000px\" \/><\/a><figcaption class=\"wp-element-caption\">Gespanntes, aufmerksames Zuh\u00f6ren<\/figcaption><\/figure>\n\n\n\n<figure class=\"wp-block-image size-full\"><a href=\"http:\/\/www.haibach-donau.at\/wp-volksschule3\/wp-content\/uploads\/2023\/06\/2023-05-18_Erstkommunion-Haibach_0072_IMG_2445.jpg\"><img loading=\"lazy\" decoding=\"async\" width=\"1000\" height=\"666\" src=\"http:\/\/www.haibach-donau.at\/wp-volksschule3\/wp-content\/uploads\/2023\/06\/2023-05-18_Erstkommunion-Haibach_0072_IMG_2445.jpg\" alt=\"\" class=\"wp-image-16728\" srcset=\"https:\/\/www.haibach-donau.at\/wp-volksschule3\/wp-content\/uploads\/2023\/06\/2023-05-18_Erstkommunion-Haibach_0072_IMG_2445.jpg 1000w, https:\/\/www.haibach-donau.at\/wp-volksschule3\/wp-content\/uploads\/2023\/06\/2023-05-18_Erstkommunion-Haibach_0072_IMG_2445-300x200.jpg 300w, https:\/\/www.haibach-donau.at\/wp-volksschule3\/wp-content\/uploads\/2023\/06\/2023-05-18_Erstkommunion-Haibach_0072_IMG_2445-768x511.jpg 768w\" sizes=\"(max-width: 1000px) 100vw, 1000px\" \/><\/a><\/figure>\n\n\n\n<figure class=\"wp-block-image size-full\"><a href=\"http:\/\/www.haibach-donau.at\/wp-volksschule3\/wp-content\/uploads\/2023\/06\/2023-05-18_Erstkommunion-Haibach_0294_IMG_2748.jpg\"><img loading=\"lazy\" decoding=\"async\" width=\"1000\" height=\"666\" src=\"http:\/\/www.haibach-donau.at\/wp-volksschule3\/wp-content\/uploads\/2023\/06\/2023-05-18_Erstkommunion-Haibach_0294_IMG_2748.jpg\" alt=\"\" class=\"wp-image-16736\" srcset=\"https:\/\/www.haibach-donau.at\/wp-volksschule3\/wp-content\/uploads\/2023\/06\/2023-05-18_Erstkommunion-Haibach_0294_IMG_2748.jpg 1000w, https:\/\/www.haibach-donau.at\/wp-volksschule3\/wp-content\/uploads\/2023\/06\/2023-05-18_Erstkommunion-Haibach_0294_IMG_2748-300x200.jpg 300w, https:\/\/www.haibach-donau.at\/wp-volksschule3\/wp-content\/uploads\/2023\/06\/2023-05-18_Erstkommunion-Haibach_0294_IMG_2748-768x511.jpg 768w\" sizes=\"(max-width: 1000px) 100vw, 1000px\" \/><\/a><\/figure>\n\n\n\n<figure class=\"wp-block-image size-full\"><a href=\"http:\/\/www.haibach-donau.at\/wp-volksschule3\/wp-content\/uploads\/2023\/06\/2023-05-18_Erstkommunion-Haibach_0300_IMG_2770.jpg\"><img loading=\"lazy\" decoding=\"async\" width=\"1000\" height=\"666\" src=\"http:\/\/www.haibach-donau.at\/wp-volksschule3\/wp-content\/uploads\/2023\/06\/2023-05-18_Erstkommunion-Haibach_0300_IMG_2770.jpg\" alt=\"\" class=\"wp-image-16737\" srcset=\"https:\/\/www.haibach-donau.at\/wp-volksschule3\/wp-content\/uploads\/2023\/06\/2023-05-18_Erstkommunion-Haibach_0300_IMG_2770.jpg 1000w, https:\/\/www.haibach-donau.at\/wp-volksschule3\/wp-content\/uploads\/2023\/06\/2023-05-18_Erstkommunion-Haibach_0300_IMG_2770-300x200.jpg 300w, https:\/\/www.haibach-donau.at\/wp-volksschule3\/wp-content\/uploads\/2023\/06\/2023-05-18_Erstkommunion-Haibach_0300_IMG_2770-768x511.jpg 768w\" sizes=\"(max-width: 1000px) 100vw, 1000px\" \/><\/a><figcaption class=\"wp-element-caption\">Ein Gruppenbild mit Tischm\u00fcttern, Lehrerinnen und G\u00e4sten<\/figcaption><\/figure>\n\n\n\n<figure class=\"wp-block-image size-full\"><a href=\"http:\/\/www.haibach-donau.at\/wp-volksschule3\/wp-content\/uploads\/2023\/06\/2023-05-18_Erstkommunion-Haibach_0336_IMG_2833.jpg\"><img loading=\"lazy\" decoding=\"async\" width=\"1000\" height=\"666\" src=\"http:\/\/www.haibach-donau.at\/wp-volksschule3\/wp-content\/uploads\/2023\/06\/2023-05-18_Erstkommunion-Haibach_0336_IMG_2833.jpg\" alt=\"\" class=\"wp-image-16738\" srcset=\"https:\/\/www.haibach-donau.at\/wp-volksschule3\/wp-content\/uploads\/2023\/06\/2023-05-18_Erstkommunion-Haibach_0336_IMG_2833.jpg 1000w, https:\/\/www.haibach-donau.at\/wp-volksschule3\/wp-content\/uploads\/2023\/06\/2023-05-18_Erstkommunion-Haibach_0336_IMG_2833-300x200.jpg 300w, https:\/\/www.haibach-donau.at\/wp-volksschule3\/wp-content\/uploads\/2023\/06\/2023-05-18_Erstkommunion-Haibach_0336_IMG_2833-768x511.jpg 768w\" sizes=\"(max-width: 1000px) 100vw, 1000px\" \/><\/a><figcaption class=\"wp-element-caption\">Und zuletzt ein leckeres Fr\u00fchst\u00fcck von der Frauenbewegung! Vielen Dank!<\/figcaption><\/figure>\n\n\n\n<p>Fotos: www.kaindlstorfer-photographie.at<\/p>\n","protected":false},"excerpt":{"rendered":"<p>Immer gespannter wurden sie in der Zeit der Vorbereitung, die ja nicht nur in der Schule, sondern auch bei Tischm\u00fcttern und in der Pfarrgemeinde stattfindet.<\/p>\n","protected":false},"author":2,"featured_media":16723,"comment_status":"open","ping_status":"closed","sticky":false,"template":"","format":"standard","meta":{"footnotes":""},"categories":[53],"tags":[],"_links":{"self":[{"href":"https:\/\/www.haibach-donau.at\/wp-volksschule3\/index.php?rest_route=\/wp\/v2\/posts\/16705"}],"collection":[{"href":"https:\/\/www.haibach-donau.at\/wp-volksschule3\/index.php?rest_route=\/wp\/v2\/posts"}],"about":[{"href":"https:\/\/www.haibach-donau.at\/wp-volksschule3\/index.php?rest_route=\/wp\/v2\/types\/post"}],"author":[{"embeddable":true,"href":"https:\/\/www.haibach-donau.at\/wp-volksschule3\/index.php?rest_route=\/wp\/v2\/users\/2"}],"replies":[{"embeddable":true,"href":"https:\/\/www.haibach-donau.at\/wp-volksschule3\/index.php?rest_route=%2Fwp%2Fv2%2Fcomments&post=16705"}],"version-history":[{"count":5,"href":"https:\/\/www.haibach-donau.at\/wp-volksschule3\/index.php?rest_route=\/wp\/v2\/posts\/16705\/revisions"}],"predecessor-version":[{"id":16742,"href":"https:\/\/www.haibach-donau.at\/wp-volksschule3\/index.php?rest_route=\/wp\/v2\/posts\/16705\/revisions\/16742"}],"wp:featuredmedia":[{"embeddable":true,"href":"https:\/\/www.haibach-donau.at\/wp-volksschule3\/index.php?rest_route=\/wp\/v2\/media\/16723"}],"wp:attachment":[{"href":"https:\/\/www.haibach-donau.at\/wp-volksschule3\/index.php?rest_route=%2Fwp%2Fv2%2Fmedia&parent=16705"}],"wp:term":[{"taxonomy":"category","embeddable":true,"href":"https:\/\/www.haibach-donau.at\/wp-volksschule3\/index.php?rest_route=%2Fwp%2Fv2%2Fcategories&post=16705"},{"taxonomy":"post_tag","embeddable":true,"href":"https:\/\/www.haibach-donau.at\/wp-volksschule3\/index.php?rest_route=%2Fwp%2Fv2%2Ftags&post=16705"}],"curies":[{"name":"wp","href":"https:\/\/api.w.org\/{rel}","templated":true}]}}