{"id":14000,"date":"2020-09-20T16:37:49","date_gmt":"2020-09-20T15:37:49","guid":{"rendered":"http:\/\/www.haibach-donau.at\/wp-volksschule3\/?p=14000"},"modified":"2020-09-21T08:36:12","modified_gmt":"2020-09-21T07:36:12","slug":"in-der-ersten-klasse","status":"publish","type":"post","link":"https:\/\/www.haibach-donau.at\/wp-volksschule3\/?p=14000","title":{"rendered":"In der ersten Klasse&#8230;"},"content":{"rendered":"\n<figure class=\"wp-block-image size-large is-resized\"><img loading=\"lazy\" decoding=\"async\" src=\"http:\/\/www.haibach-donau.at\/wp-volksschule3\/wp-content\/uploads\/2020\/09\/K640_IMG_20200914_105649.jpg\" alt=\"\" class=\"wp-image-13989\" width=\"199\" height=\"149\" srcset=\"https:\/\/www.haibach-donau.at\/wp-volksschule3\/wp-content\/uploads\/2020\/09\/K640_IMG_20200914_105649.jpg 640w, https:\/\/www.haibach-donau.at\/wp-volksschule3\/wp-content\/uploads\/2020\/09\/K640_IMG_20200914_105649-300x225.jpg 300w\" sizes=\"(max-width: 199px) 100vw, 199px\" \/><\/figure>\n\n\n\n<p>&#8230;starteten am 14. September 16 M\u00e4dchen und Buben. <\/p>\n\n\n\n<!--more-->\n\n\n\n<p>Nach dem Er\u00f6ffnungsgottesdienst in der Pfarrkirche gingen die Kinder mit ihren Eltern und mit ihrer Lehrerin, Frau Kaltseis in den schon vorbereiteten Klassenraum.<\/p>\n\n\n\n<figure class=\"wp-block-image\"><img decoding=\"async\" src=\"http:\/\/www.haibach-donau.at\/wp-volksschule3\/wp-content\/uploads\/2020\/09\/K640_IMG_20200914_104318.jpg\" alt=\"Dieses Bild hat ein leeres Alt-Attribut. Der Dateiname ist K640_IMG_20200914_104318.jpg\"\/><figcaption>Die Vorfreude auf den &#8222;Ernst des Lebens&#8220; stand einigen Kindern ganz deutlich ins Gesicht geschrieben!<br><\/figcaption><\/figure>\n\n\n\n<figure class=\"wp-block-image size-large\"><img loading=\"lazy\" decoding=\"async\" width=\"640\" height=\"480\" src=\"http:\/\/www.haibach-donau.at\/wp-volksschule3\/wp-content\/uploads\/2020\/09\/K640_IMG_20200914_104138.jpg\" alt=\"\" class=\"wp-image-13981\" srcset=\"https:\/\/www.haibach-donau.at\/wp-volksschule3\/wp-content\/uploads\/2020\/09\/K640_IMG_20200914_104138.jpg 640w, https:\/\/www.haibach-donau.at\/wp-volksschule3\/wp-content\/uploads\/2020\/09\/K640_IMG_20200914_104138-300x225.jpg 300w\" sizes=\"(max-width: 640px) 100vw, 640px\" \/><figcaption>Die bunte Schar wartete gespannt, was jetzt wohl kommen w\u00fcrde.<\/figcaption><\/figure>\n\n\n\n<figure class=\"wp-block-image size-large\"><img loading=\"lazy\" decoding=\"async\" width=\"640\" height=\"480\" src=\"http:\/\/www.haibach-donau.at\/wp-volksschule3\/wp-content\/uploads\/2020\/09\/K640_IMG_20200914_104200.jpg\" alt=\"\" class=\"wp-image-13982\" srcset=\"https:\/\/www.haibach-donau.at\/wp-volksschule3\/wp-content\/uploads\/2020\/09\/K640_IMG_20200914_104200.jpg 640w, https:\/\/www.haibach-donau.at\/wp-volksschule3\/wp-content\/uploads\/2020\/09\/K640_IMG_20200914_104200-300x225.jpg 300w\" sizes=\"(max-width: 640px) 100vw, 640px\" \/><figcaption> Frau Kaltseis begr\u00fc\u00dfte &#8222;ihre&#8220;  neuen Schulkinder.<br><\/figcaption><\/figure>\n\n\n\n<figure class=\"wp-block-image size-large\"><img loading=\"lazy\" decoding=\"async\" width=\"480\" height=\"640\" src=\"http:\/\/www.haibach-donau.at\/wp-volksschule3\/wp-content\/uploads\/2020\/09\/K640_IMG_20200914_104615.jpg\" alt=\"\" class=\"wp-image-13986\" srcset=\"https:\/\/www.haibach-donau.at\/wp-volksschule3\/wp-content\/uploads\/2020\/09\/K640_IMG_20200914_104615.jpg 480w, https:\/\/www.haibach-donau.at\/wp-volksschule3\/wp-content\/uploads\/2020\/09\/K640_IMG_20200914_104615-225x300.jpg 225w\" sizes=\"(max-width: 480px) 100vw, 480px\" \/><figcaption>Auch Kari und Bu waren wieder mit dabei. Diese hatten die Kinder schon beim Schultaschenfest kennen gelernt.<\/figcaption><\/figure>\n\n\n\n<figure class=\"wp-block-image size-large\"><img loading=\"lazy\" decoding=\"async\" width=\"640\" height=\"480\" src=\"http:\/\/www.haibach-donau.at\/wp-volksschule3\/wp-content\/uploads\/2020\/09\/K640_IMG_20200914_104621.jpg\" alt=\"\" class=\"wp-image-13987\" srcset=\"https:\/\/www.haibach-donau.at\/wp-volksschule3\/wp-content\/uploads\/2020\/09\/K640_IMG_20200914_104621.jpg 640w, https:\/\/www.haibach-donau.at\/wp-volksschule3\/wp-content\/uploads\/2020\/09\/K640_IMG_20200914_104621-300x225.jpg 300w\" sizes=\"(max-width: 640px) 100vw, 640px\" \/><figcaption>Jetzt wurde das Geheimnis \u00fcber ihre Herkunft gel\u00fcftet: Sie waren mit einem Ufo aus dem Weltall gekommen.<\/figcaption><\/figure>\n\n\n\n<figure class=\"wp-block-image size-large\"><img loading=\"lazy\" decoding=\"async\" width=\"640\" height=\"480\" src=\"http:\/\/www.haibach-donau.at\/wp-volksschule3\/wp-content\/uploads\/2020\/09\/K640_IMG_20200914_104032.jpg\" alt=\"\" class=\"wp-image-13980\" srcset=\"https:\/\/www.haibach-donau.at\/wp-volksschule3\/wp-content\/uploads\/2020\/09\/K640_IMG_20200914_104032.jpg 640w, https:\/\/www.haibach-donau.at\/wp-volksschule3\/wp-content\/uploads\/2020\/09\/K640_IMG_20200914_104032-300x225.jpg 300w\" sizes=\"(max-width: 640px) 100vw, 640px\" \/><figcaption>Gemeinsam wurde ein Begr\u00fc\u00dfungslied angestimmt.<\/figcaption><\/figure>\n\n\n\n<figure class=\"wp-block-image size-large\"><img loading=\"lazy\" decoding=\"async\" width=\"640\" height=\"480\" src=\"http:\/\/www.haibach-donau.at\/wp-volksschule3\/wp-content\/uploads\/2020\/09\/IMG_20200914_104842.jpg\" alt=\"\" class=\"wp-image-14005\" srcset=\"https:\/\/www.haibach-donau.at\/wp-volksschule3\/wp-content\/uploads\/2020\/09\/IMG_20200914_104842.jpg 640w, https:\/\/www.haibach-donau.at\/wp-volksschule3\/wp-content\/uploads\/2020\/09\/IMG_20200914_104842-300x225.jpg 300w\" sizes=\"(max-width: 640px) 100vw, 640px\" \/><figcaption>Eine kleine Haus\u00fcbung gab es gleich am ersten Schultag.<\/figcaption><\/figure>\n\n\n\n<figure class=\"wp-block-image size-large\"><img loading=\"lazy\" decoding=\"async\" width=\"640\" height=\"480\" src=\"http:\/\/www.haibach-donau.at\/wp-volksschule3\/wp-content\/uploads\/2020\/09\/K640_IMG_20200914_105647.jpg\" alt=\"\" class=\"wp-image-13988\" srcset=\"https:\/\/www.haibach-donau.at\/wp-volksschule3\/wp-content\/uploads\/2020\/09\/K640_IMG_20200914_105647.jpg 640w, https:\/\/www.haibach-donau.at\/wp-volksschule3\/wp-content\/uploads\/2020\/09\/K640_IMG_20200914_105647-300x225.jpg 300w\" sizes=\"(max-width: 640px) 100vw, 640px\" \/><figcaption>Nach dem ersten Klassenfoto &#8230;.<\/figcaption><\/figure>\n\n\n\n<figure class=\"wp-block-image size-large\"><img loading=\"lazy\" decoding=\"async\" width=\"480\" height=\"640\" src=\"http:\/\/www.haibach-donau.at\/wp-volksschule3\/wp-content\/uploads\/2020\/09\/K640_IMG_20200914_110647.jpg\" alt=\"\" class=\"wp-image-13990\" srcset=\"https:\/\/www.haibach-donau.at\/wp-volksschule3\/wp-content\/uploads\/2020\/09\/K640_IMG_20200914_110647.jpg 480w, https:\/\/www.haibach-donau.at\/wp-volksschule3\/wp-content\/uploads\/2020\/09\/K640_IMG_20200914_110647-225x300.jpg 225w\" sizes=\"(max-width: 480px) 100vw, 480px\" \/><figcaption>&#8230;machte sich eine lange Schlange auch schon wieder auf den Nachhauseweg!<br><br>Das Team der VS Haibach w\u00fcnscht den frischgebackenen Sch\u00fclerinnen und Sch\u00fclern viel Freude beim gemeinsamen Lernen!<\/figcaption><\/figure>\n\n\n\n<p><\/p>\n","protected":false},"excerpt":{"rendered":"<p>&#8230;starteten am 14. September 16 M\u00e4dchen und Buben.<\/p>\n","protected":false},"author":5,"featured_media":0,"comment_status":"open","ping_status":"closed","sticky":false,"template":"","format":"standard","meta":{"footnotes":""},"categories":[60],"tags":[],"_links":{"self":[{"href":"https:\/\/www.haibach-donau.at\/wp-volksschule3\/index.php?rest_route=\/wp\/v2\/posts\/14000"}],"collection":[{"href":"https:\/\/www.haibach-donau.at\/wp-volksschule3\/index.php?rest_route=\/wp\/v2\/posts"}],"about":[{"href":"https:\/\/www.haibach-donau.at\/wp-volksschule3\/index.php?rest_route=\/wp\/v2\/types\/post"}],"author":[{"embeddable":true,"href":"https:\/\/www.haibach-donau.at\/wp-volksschule3\/index.php?rest_route=\/wp\/v2\/users\/5"}],"replies":[{"embeddable":true,"href":"https:\/\/www.haibach-donau.at\/wp-volksschule3\/index.php?rest_route=%2Fwp%2Fv2%2Fcomments&post=14000"}],"version-history":[{"count":10,"href":"https:\/\/www.haibach-donau.at\/wp-volksschule3\/index.php?rest_route=\/wp\/v2\/posts\/14000\/revisions"}],"predecessor-version":[{"id":14016,"href":"https:\/\/www.haibach-donau.at\/wp-volksschule3\/index.php?rest_route=\/wp\/v2\/posts\/14000\/revisions\/14016"}],"wp:attachment":[{"href":"https:\/\/www.haibach-donau.at\/wp-volksschule3\/index.php?rest_route=%2Fwp%2Fv2%2Fmedia&parent=14000"}],"wp:term":[{"taxonomy":"category","embeddable":true,"href":"https:\/\/www.haibach-donau.at\/wp-volksschule3\/index.php?rest_route=%2Fwp%2Fv2%2Fcategories&post=14000"},{"taxonomy":"post_tag","embeddable":true,"href":"https:\/\/www.haibach-donau.at\/wp-volksschule3\/index.php?rest_route=%2Fwp%2Fv2%2Ftags&post=14000"}],"curies":[{"name":"wp","href":"https:\/\/api.w.org\/{rel}","templated":true}]}}