{"id":13845,"date":"2020-07-13T17:52:03","date_gmt":"2020-07-13T16:52:03","guid":{"rendered":"http:\/\/www.haibach-donau.at\/wp-volksschule3\/?p=13845"},"modified":"2020-07-14T20:37:51","modified_gmt":"2020-07-14T19:37:51","slug":"bald-bin-ich-ein-schulkind","status":"publish","type":"post","link":"https:\/\/www.haibach-donau.at\/wp-volksschule3\/?p=13845","title":{"rendered":"&#8222;Bald bin ich ein Schulkind!&#8220;"},"content":{"rendered":"\n<div class=\"wp-block-group\"><div class=\"wp-block-group__inner-container is-layout-flow wp-block-group-is-layout-flow\">\n<figure class=\"wp-block-image size-medium is-resized\"><img loading=\"lazy\" decoding=\"async\" src=\"http:\/\/www.haibach-donau.at\/wp-volksschule3\/wp-content\/uploads\/2020\/07\/K640_IMG_3315-2-300x225.jpg\" alt=\"\" class=\"wp-image-13914\" width=\"202\" height=\"170\"\/><\/figure>\n\n\n\n<p><\/p>\n\n\n\n<p>Aufgrund der derzeitigen Coronasituation konnten die Schulanf\u00e4ngerInnen des Kindergartens ihr Schultaschenfest nicht wie \u00fcblich mit den Volksschulkindern feiern. Aber die zuk\u00fcnftige Klassenlehrerin, Frau Edith Kaltseis, schaute am 23. Juni bei diesem besonderen Fest im Kindergarten vorbei.<\/p>\n<\/div><\/div>\n\n\n\n<!--more-->\n\n\n\n<figure class=\"wp-block-image size-large\"><img loading=\"lazy\" decoding=\"async\" width=\"640\" height=\"480\" src=\"http:\/\/www.haibach-donau.at\/wp-volksschule3\/wp-content\/uploads\/2020\/07\/K640_IMG_3316-2.jpg\" alt=\"\" class=\"wp-image-13915\" srcset=\"https:\/\/www.haibach-donau.at\/wp-volksschule3\/wp-content\/uploads\/2020\/07\/K640_IMG_3316-2.jpg 640w, https:\/\/www.haibach-donau.at\/wp-volksschule3\/wp-content\/uploads\/2020\/07\/K640_IMG_3316-2-300x225.jpg 300w\" sizes=\"(max-width: 640px) 100vw, 640px\" \/><figcaption>Frau Kaltseis hatte auch ihre Schultasche mitgebracht.<\/figcaption><\/figure>\n\n\n\n<figure class=\"wp-block-image size-large\"><img loading=\"lazy\" decoding=\"async\" width=\"640\" height=\"480\" src=\"http:\/\/www.haibach-donau.at\/wp-volksschule3\/wp-content\/uploads\/2020\/07\/K640_IMG_3317-2.jpg\" alt=\"\" class=\"wp-image-13916\" srcset=\"https:\/\/www.haibach-donau.at\/wp-volksschule3\/wp-content\/uploads\/2020\/07\/K640_IMG_3317-2.jpg 640w, https:\/\/www.haibach-donau.at\/wp-volksschule3\/wp-content\/uploads\/2020\/07\/K640_IMG_3317-2-300x225.jpg 300w\" sizes=\"(max-width: 640px) 100vw, 640px\" \/><figcaption>Darin sa\u00dfen zwei lustige Gesellen: Kari und Bu<\/figcaption><\/figure>\n\n\n\n<p><\/p>\n\n\n\n<figure class=\"wp-block-image size-large\"><img loading=\"lazy\" decoding=\"async\" width=\"480\" height=\"640\" src=\"http:\/\/www.haibach-donau.at\/wp-volksschule3\/wp-content\/uploads\/2020\/07\/K640_IMG_3321.jpg\" alt=\"\" class=\"wp-image-13864\" srcset=\"https:\/\/www.haibach-donau.at\/wp-volksschule3\/wp-content\/uploads\/2020\/07\/K640_IMG_3321.jpg 480w, https:\/\/www.haibach-donau.at\/wp-volksschule3\/wp-content\/uploads\/2020\/07\/K640_IMG_3321-225x300.jpg 225w\" sizes=\"(max-width: 480px) 100vw, 480px\" \/><figcaption>Die beiden werden den Kindern in der 1. Klasse beim Lesen und Schreiben helfen.<br><\/figcaption><\/figure>\n\n\n\n<figure class=\"wp-block-image size-large\"><img loading=\"lazy\" decoding=\"async\" width=\"640\" height=\"480\" src=\"http:\/\/www.haibach-donau.at\/wp-volksschule3\/wp-content\/uploads\/2020\/07\/K640_DSC06163-2.jpg\" alt=\"\" class=\"wp-image-13910\" srcset=\"https:\/\/www.haibach-donau.at\/wp-volksschule3\/wp-content\/uploads\/2020\/07\/K640_DSC06163-2.jpg 640w, https:\/\/www.haibach-donau.at\/wp-volksschule3\/wp-content\/uploads\/2020\/07\/K640_DSC06163-2-300x225.jpg 300w\" sizes=\"(max-width: 640px) 100vw, 640px\" \/><figcaption>Woher Kari und Bu wohl kommen?<\/figcaption><\/figure>\n\n\n\n<figure class=\"wp-block-image size-large\"><img loading=\"lazy\" decoding=\"async\" width=\"1024\" height=\"768\" src=\"http:\/\/www.haibach-donau.at\/wp-volksschule3\/wp-content\/uploads\/2020\/07\/IMG_3325-1024x768.jpg\" alt=\"\" class=\"wp-image-13879\" srcset=\"https:\/\/www.haibach-donau.at\/wp-volksschule3\/wp-content\/uploads\/2020\/07\/IMG_3325-1024x768.jpg 1024w, https:\/\/www.haibach-donau.at\/wp-volksschule3\/wp-content\/uploads\/2020\/07\/IMG_3325-300x225.jpg 300w, https:\/\/www.haibach-donau.at\/wp-volksschule3\/wp-content\/uploads\/2020\/07\/IMG_3325-768x576.jpg 768w, https:\/\/www.haibach-donau.at\/wp-volksschule3\/wp-content\/uploads\/2020\/07\/IMG_3325-1536x1152.jpg 1536w, https:\/\/www.haibach-donau.at\/wp-volksschule3\/wp-content\/uploads\/2020\/07\/IMG_3325-2048x1536.jpg 2048w\" sizes=\"(max-width: 1024px) 100vw, 1024px\" \/><figcaption>Jedes Kind durfte der Frau Lehrerin seine Schultasche pr\u00e4sentieren und erste Schreibversuche \u00fcbergeben.<\/figcaption><\/figure>\n\n\n\n<figure class=\"wp-block-image size-large\"><img loading=\"lazy\" decoding=\"async\" width=\"1024\" height=\"768\" src=\"http:\/\/www.haibach-donau.at\/wp-volksschule3\/wp-content\/uploads\/2020\/07\/IMG_3324-1024x768.jpg\" alt=\"\" class=\"wp-image-13878\" srcset=\"https:\/\/www.haibach-donau.at\/wp-volksschule3\/wp-content\/uploads\/2020\/07\/IMG_3324-1024x768.jpg 1024w, https:\/\/www.haibach-donau.at\/wp-volksschule3\/wp-content\/uploads\/2020\/07\/IMG_3324-300x225.jpg 300w, https:\/\/www.haibach-donau.at\/wp-volksschule3\/wp-content\/uploads\/2020\/07\/IMG_3324-768x576.jpg 768w, https:\/\/www.haibach-donau.at\/wp-volksschule3\/wp-content\/uploads\/2020\/07\/IMG_3324-1536x1152.jpg 1536w, https:\/\/www.haibach-donau.at\/wp-volksschule3\/wp-content\/uploads\/2020\/07\/IMG_3324-2048x1536.jpg 2048w\" sizes=\"(max-width: 1024px) 100vw, 1024px\" \/><\/figure>\n\n\n\n<figure class=\"wp-block-image size-large\"><img loading=\"lazy\" decoding=\"async\" width=\"1024\" height=\"768\" src=\"http:\/\/www.haibach-donau.at\/wp-volksschule3\/wp-content\/uploads\/2020\/07\/IMG_3323-1024x768.jpg\" alt=\"\" class=\"wp-image-13877\" srcset=\"https:\/\/www.haibach-donau.at\/wp-volksschule3\/wp-content\/uploads\/2020\/07\/IMG_3323-1024x768.jpg 1024w, https:\/\/www.haibach-donau.at\/wp-volksschule3\/wp-content\/uploads\/2020\/07\/IMG_3323-300x225.jpg 300w, https:\/\/www.haibach-donau.at\/wp-volksschule3\/wp-content\/uploads\/2020\/07\/IMG_3323-768x576.jpg 768w, https:\/\/www.haibach-donau.at\/wp-volksschule3\/wp-content\/uploads\/2020\/07\/IMG_3323-1536x1152.jpg 1536w, https:\/\/www.haibach-donau.at\/wp-volksschule3\/wp-content\/uploads\/2020\/07\/IMG_3323-2048x1536.jpg 2048w\" sizes=\"(max-width: 1024px) 100vw, 1024px\" \/><\/figure>\n\n\n\n<figure class=\"wp-block-image size-large\"><img loading=\"lazy\" decoding=\"async\" width=\"1024\" height=\"768\" src=\"http:\/\/www.haibach-donau.at\/wp-volksschule3\/wp-content\/uploads\/2020\/07\/IMG_3322-1024x768.jpg\" alt=\"\" class=\"wp-image-13876\" srcset=\"https:\/\/www.haibach-donau.at\/wp-volksschule3\/wp-content\/uploads\/2020\/07\/IMG_3322-1024x768.jpg 1024w, https:\/\/www.haibach-donau.at\/wp-volksschule3\/wp-content\/uploads\/2020\/07\/IMG_3322-300x225.jpg 300w, https:\/\/www.haibach-donau.at\/wp-volksschule3\/wp-content\/uploads\/2020\/07\/IMG_3322-768x576.jpg 768w, https:\/\/www.haibach-donau.at\/wp-volksschule3\/wp-content\/uploads\/2020\/07\/IMG_3322-1536x1152.jpg 1536w, https:\/\/www.haibach-donau.at\/wp-volksschule3\/wp-content\/uploads\/2020\/07\/IMG_3322-2048x1536.jpg 2048w\" sizes=\"(max-width: 1024px) 100vw, 1024px\" \/><\/figure>\n\n\n\n<figure class=\"wp-block-image size-large\"><img loading=\"lazy\" decoding=\"async\" width=\"480\" height=\"640\" src=\"http:\/\/www.haibach-donau.at\/wp-volksschule3\/wp-content\/uploads\/2020\/07\/K640_IMG_3327.jpg\" alt=\"\" class=\"wp-image-13903\" srcset=\"https:\/\/www.haibach-donau.at\/wp-volksschule3\/wp-content\/uploads\/2020\/07\/K640_IMG_3327.jpg 480w, https:\/\/www.haibach-donau.at\/wp-volksschule3\/wp-content\/uploads\/2020\/07\/K640_IMG_3327-225x300.jpg 225w\" sizes=\"(max-width: 480px) 100vw, 480px\" \/><figcaption>Frau Kaltseis hatte f\u00fcr jedes Schulkind einen Brief mit der Materialliste mitgebracht.<\/figcaption><\/figure>\n\n\n\n<figure class=\"wp-block-image size-large\"><img loading=\"lazy\" decoding=\"async\" width=\"640\" height=\"480\" src=\"http:\/\/www.haibach-donau.at\/wp-volksschule3\/wp-content\/uploads\/2020\/07\/K640_DSC06178.jpg\" alt=\"\" class=\"wp-image-13857\" srcset=\"https:\/\/www.haibach-donau.at\/wp-volksschule3\/wp-content\/uploads\/2020\/07\/K640_DSC06178.jpg 640w, https:\/\/www.haibach-donau.at\/wp-volksschule3\/wp-content\/uploads\/2020\/07\/K640_DSC06178-300x225.jpg 300w\" sizes=\"(max-width: 640px) 100vw, 640px\" \/><figcaption>Die Kinder schenkten ihrer zuk\u00fcnftigen Lehrerin eine selbst gebastelte Kette.<\/figcaption><\/figure>\n\n\n\n<figure class=\"wp-block-image size-large\"><img loading=\"lazy\" decoding=\"async\" width=\"480\" height=\"640\" src=\"http:\/\/www.haibach-donau.at\/wp-volksschule3\/wp-content\/uploads\/2020\/07\/K640_IMG_3330-1.jpg\" alt=\"\" class=\"wp-image-13926\" srcset=\"https:\/\/www.haibach-donau.at\/wp-volksschule3\/wp-content\/uploads\/2020\/07\/K640_IMG_3330-1.jpg 480w, https:\/\/www.haibach-donau.at\/wp-volksschule3\/wp-content\/uploads\/2020\/07\/K640_IMG_3330-1-225x300.jpg 225w\" sizes=\"(max-width: 480px) 100vw, 480px\" \/><figcaption>Ganz zum Schluss wurden noch Fotos &#8222;geschossen&#8220; und ein leckeres Eis geschleckt.<\/figcaption><\/figure>\n\n\n\n<figure class=\"wp-block-image size-large\"><img loading=\"lazy\" decoding=\"async\" width=\"640\" height=\"480\" src=\"http:\/\/www.haibach-donau.at\/wp-volksschule3\/wp-content\/uploads\/2020\/07\/K640_DSC06128-2.jpg\" alt=\"\" class=\"wp-image-13909\" srcset=\"https:\/\/www.haibach-donau.at\/wp-volksschule3\/wp-content\/uploads\/2020\/07\/K640_DSC06128-2.jpg 640w, https:\/\/www.haibach-donau.at\/wp-volksschule3\/wp-content\/uploads\/2020\/07\/K640_DSC06128-2-300x225.jpg 300w\" sizes=\"(max-width: 640px) 100vw, 640px\" \/><\/figure>\n\n\n\n<figure class=\"wp-block-image size-large\"><img loading=\"lazy\" decoding=\"async\" width=\"480\" height=\"640\" src=\"http:\/\/www.haibach-donau.at\/wp-volksschule3\/wp-content\/uploads\/2020\/07\/K640_IMG_3294-2.jpg\" alt=\"\" class=\"wp-image-13913\" srcset=\"https:\/\/www.haibach-donau.at\/wp-volksschule3\/wp-content\/uploads\/2020\/07\/K640_IMG_3294-2.jpg 480w, https:\/\/www.haibach-donau.at\/wp-volksschule3\/wp-content\/uploads\/2020\/07\/K640_IMG_3294-2-225x300.jpg 225w\" sizes=\"(max-width: 480px) 100vw, 480px\" \/><\/figure>\n\n\n\n<figure class=\"wp-block-image size-large\"><img loading=\"lazy\" decoding=\"async\" width=\"480\" height=\"640\" src=\"http:\/\/www.haibach-donau.at\/wp-volksschule3\/wp-content\/uploads\/2020\/07\/K640_IMG_3333-1.jpg\" alt=\"\" class=\"wp-image-13928\" srcset=\"https:\/\/www.haibach-donau.at\/wp-volksschule3\/wp-content\/uploads\/2020\/07\/K640_IMG_3333-1.jpg 480w, https:\/\/www.haibach-donau.at\/wp-volksschule3\/wp-content\/uploads\/2020\/07\/K640_IMG_3333-1-225x300.jpg 225w\" sizes=\"(max-width: 480px) 100vw, 480px\" \/><figcaption>Wir freuen uns auf die Schule!!!!<\/figcaption><\/figure>\n","protected":false},"excerpt":{"rendered":"<p>Aufgrund der derzeitigen Coronasituation konnten die Schulanf\u00e4ngerInnen des Kindergartens ihr Schultaschenfest nicht wie \u00fcblich mit den Volksschulkindern feiern. Aber die zuk\u00fcnftige Klassenlehrerin, Frau Edith Kaltseis, schaute am 23. Juni bei diesem besonderen Fest im Kindergarten vorbei.<\/p>\n","protected":false},"author":5,"featured_media":0,"comment_status":"open","ping_status":"closed","sticky":false,"template":"","format":"standard","meta":{"footnotes":""},"categories":[15],"tags":[],"_links":{"self":[{"href":"https:\/\/www.haibach-donau.at\/wp-volksschule3\/index.php?rest_route=\/wp\/v2\/posts\/13845"}],"collection":[{"href":"https:\/\/www.haibach-donau.at\/wp-volksschule3\/index.php?rest_route=\/wp\/v2\/posts"}],"about":[{"href":"https:\/\/www.haibach-donau.at\/wp-volksschule3\/index.php?rest_route=\/wp\/v2\/types\/post"}],"author":[{"embeddable":true,"href":"https:\/\/www.haibach-donau.at\/wp-volksschule3\/index.php?rest_route=\/wp\/v2\/users\/5"}],"replies":[{"embeddable":true,"href":"https:\/\/www.haibach-donau.at\/wp-volksschule3\/index.php?rest_route=%2Fwp%2Fv2%2Fcomments&post=13845"}],"version-history":[{"count":14,"href":"https:\/\/www.haibach-donau.at\/wp-volksschule3\/index.php?rest_route=\/wp\/v2\/posts\/13845\/revisions"}],"predecessor-version":[{"id":13977,"href":"https:\/\/www.haibach-donau.at\/wp-volksschule3\/index.php?rest_route=\/wp\/v2\/posts\/13845\/revisions\/13977"}],"wp:attachment":[{"href":"https:\/\/www.haibach-donau.at\/wp-volksschule3\/index.php?rest_route=%2Fwp%2Fv2%2Fmedia&parent=13845"}],"wp:term":[{"taxonomy":"category","embeddable":true,"href":"https:\/\/www.haibach-donau.at\/wp-volksschule3\/index.php?rest_route=%2Fwp%2Fv2%2Fcategories&post=13845"},{"taxonomy":"post_tag","embeddable":true,"href":"https:\/\/www.haibach-donau.at\/wp-volksschule3\/index.php?rest_route=%2Fwp%2Fv2%2Ftags&post=13845"}],"curies":[{"name":"wp","href":"https:\/\/api.w.org\/{rel}","templated":true}]}}