{"id":13405,"date":"2019-12-20T20:52:39","date_gmt":"2019-12-20T19:52:39","guid":{"rendered":"http:\/\/www.haibach-donau.at\/wp-volksschule3\/?p=13405"},"modified":"2019-12-21T14:57:10","modified_gmt":"2019-12-21T13:57:10","slug":"nur-noch-viermal-schlafen","status":"publish","type":"post","link":"https:\/\/www.haibach-donau.at\/wp-volksschule3\/?p=13405","title":{"rendered":"Nur noch viermal schlafen&#8230;"},"content":{"rendered":"\n<figure class=\"wp-block-image size-thumbnail\"><img loading=\"lazy\" decoding=\"async\" width=\"150\" height=\"150\" src=\"http:\/\/www.haibach-donau.at\/wp-volksschule3\/wp-content\/uploads\/2019\/12\/WF2019-8-1-150x150.jpg\" alt=\"\" class=\"wp-image-13430\"\/><figcaption> &#8230;dann kommt das Christkind ! Und: Die wohlverdienten Weihnachtsferien  beginnen &#8211; juchuuuuuuuuuuuuuuuu ! Aber vorher noch: Unsere  Weihnachtsfeier ! <\/figcaption><\/figure>\n\n\n\n<p><\/p>\n\n\n\n<!--more-->\n\n\n\n<p>Am letzten Schultag vor den Ferien trafen wir uns alle nochmal, um eine kleine Weihnachtsfeier abzuhalten. <\/p>\n\n\n\n<figure class=\"wp-block-image size-large\"><img loading=\"lazy\" decoding=\"async\" width=\"1024\" height=\"489\" src=\"http:\/\/www.haibach-donau.at\/wp-volksschule3\/wp-content\/uploads\/2019\/12\/WF2019-9.jpg\" alt=\"\" class=\"wp-image-13414\" srcset=\"https:\/\/www.haibach-donau.at\/wp-volksschule3\/wp-content\/uploads\/2019\/12\/WF2019-9.jpg 1024w, https:\/\/www.haibach-donau.at\/wp-volksschule3\/wp-content\/uploads\/2019\/12\/WF2019-9-300x143.jpg 300w, https:\/\/www.haibach-donau.at\/wp-volksschule3\/wp-content\/uploads\/2019\/12\/WF2019-9-768x367.jpg 768w\" sizes=\"(max-width: 1024px) 100vw, 1024px\" \/><\/figure>\n\n\n\n<p>&#8222;Wir sagen euch an den lieben Advent&#8220; war unser erstes Lied.<\/p>\n\n\n\n<figure class=\"wp-block-image size-large\"><img loading=\"lazy\" decoding=\"async\" width=\"1024\" height=\"446\" src=\"http:\/\/www.haibach-donau.at\/wp-volksschule3\/wp-content\/uploads\/2019\/12\/WF2019-10.jpg\" alt=\"\" class=\"wp-image-13415\" srcset=\"https:\/\/www.haibach-donau.at\/wp-volksschule3\/wp-content\/uploads\/2019\/12\/WF2019-10.jpg 1024w, https:\/\/www.haibach-donau.at\/wp-volksschule3\/wp-content\/uploads\/2019\/12\/WF2019-10-300x131.jpg 300w, https:\/\/www.haibach-donau.at\/wp-volksschule3\/wp-content\/uploads\/2019\/12\/WF2019-10-768x335.jpg 768w\" sizes=\"(max-width: 1024px) 100vw, 1024px\" \/><\/figure>\n\n\n\n<figure class=\"wp-block-image size-large\"><img loading=\"lazy\" decoding=\"async\" width=\"1024\" height=\"753\" src=\"http:\/\/www.haibach-donau.at\/wp-volksschule3\/wp-content\/uploads\/2019\/12\/WF2019-11.jpg\" alt=\"\" class=\"wp-image-13416\" srcset=\"https:\/\/www.haibach-donau.at\/wp-volksschule3\/wp-content\/uploads\/2019\/12\/WF2019-11.jpg 1024w, https:\/\/www.haibach-donau.at\/wp-volksschule3\/wp-content\/uploads\/2019\/12\/WF2019-11-300x221.jpg 300w, https:\/\/www.haibach-donau.at\/wp-volksschule3\/wp-content\/uploads\/2019\/12\/WF2019-11-768x565.jpg 768w\" sizes=\"(max-width: 1024px) 100vw, 1024px\" \/><figcaption>Eine Muh, eine M\u00e4h, eine T\u00e4ter\u00e4t\u00e4t\u00e4&#8230;ein lustiges Lied, gesungen von den Kindern der 1. und 2. Klasse !<\/figcaption><\/figure>\n\n\n\n<figure class=\"wp-block-image size-large\"><img loading=\"lazy\" decoding=\"async\" width=\"884\" height=\"768\" src=\"http:\/\/www.haibach-donau.at\/wp-volksschule3\/wp-content\/uploads\/2019\/12\/WF2019-12.jpg\" alt=\"\" class=\"wp-image-13417\" srcset=\"https:\/\/www.haibach-donau.at\/wp-volksschule3\/wp-content\/uploads\/2019\/12\/WF2019-12.jpg 884w, https:\/\/www.haibach-donau.at\/wp-volksschule3\/wp-content\/uploads\/2019\/12\/WF2019-12-300x261.jpg 300w, https:\/\/www.haibach-donau.at\/wp-volksschule3\/wp-content\/uploads\/2019\/12\/WF2019-12-768x667.jpg 768w\" sizes=\"(max-width: 884px) 100vw, 884px\" \/><figcaption>Danach folgte das Gedicht &#8222;Vorweihnachtstrubel&#8220;, das die 2. Klasse zum Besten gab.<br><\/figcaption><\/figure>\n\n\n\n<figure class=\"wp-block-image size-large\"><img loading=\"lazy\" decoding=\"async\" width=\"1024\" height=\"584\" src=\"http:\/\/www.haibach-donau.at\/wp-volksschule3\/wp-content\/uploads\/2019\/12\/WF2019-14.jpg\" alt=\"\" class=\"wp-image-13419\" srcset=\"https:\/\/www.haibach-donau.at\/wp-volksschule3\/wp-content\/uploads\/2019\/12\/WF2019-14.jpg 1024w, https:\/\/www.haibach-donau.at\/wp-volksschule3\/wp-content\/uploads\/2019\/12\/WF2019-14-300x171.jpg 300w, https:\/\/www.haibach-donau.at\/wp-volksschule3\/wp-content\/uploads\/2019\/12\/WF2019-14-768x438.jpg 768w\" sizes=\"(max-width: 1024px) 100vw, 1024px\" \/><figcaption>Das Lied vom &#8222;Kleinen Paul&#8220; h\u00f6rten wir von der 3. und 4. Klasse.<br><\/figcaption><\/figure>\n\n\n\n<figure class=\"wp-block-image size-large\"><img loading=\"lazy\" decoding=\"async\" width=\"1024\" height=\"768\" src=\"http:\/\/www.haibach-donau.at\/wp-volksschule3\/wp-content\/uploads\/2019\/12\/WF2019-24.jpg\" alt=\"\" class=\"wp-image-13429\" srcset=\"https:\/\/www.haibach-donau.at\/wp-volksschule3\/wp-content\/uploads\/2019\/12\/WF2019-24.jpg 1024w, https:\/\/www.haibach-donau.at\/wp-volksschule3\/wp-content\/uploads\/2019\/12\/WF2019-24-300x225.jpg 300w, https:\/\/www.haibach-donau.at\/wp-volksschule3\/wp-content\/uploads\/2019\/12\/WF2019-24-768x576.jpg 768w\" sizes=\"(max-width: 1024px) 100vw, 1024px\" \/><figcaption>Eine Geschichte&#8230;<br><\/figcaption><\/figure>\n\n\n\n<figure class=\"wp-block-image size-large\"><img loading=\"lazy\" decoding=\"async\" width=\"878\" height=\"768\" src=\"http:\/\/www.haibach-donau.at\/wp-volksschule3\/wp-content\/uploads\/2019\/12\/WF2019-25.jpg\" alt=\"\" class=\"wp-image-13431\" srcset=\"https:\/\/www.haibach-donau.at\/wp-volksschule3\/wp-content\/uploads\/2019\/12\/WF2019-25.jpg 878w, https:\/\/www.haibach-donau.at\/wp-volksschule3\/wp-content\/uploads\/2019\/12\/WF2019-25-300x262.jpg 300w, https:\/\/www.haibach-donau.at\/wp-volksschule3\/wp-content\/uploads\/2019\/12\/WF2019-25-768x672.jpg 768w\" sizes=\"(max-width: 878px) 100vw, 878px\" \/><figcaption>&#8230;die die Frau Direktor vorlas&#8230;<br><\/figcaption><\/figure>\n\n\n\n<figure class=\"wp-block-image size-large\"><img loading=\"lazy\" decoding=\"async\" width=\"894\" height=\"768\" src=\"http:\/\/www.haibach-donau.at\/wp-volksschule3\/wp-content\/uploads\/2019\/12\/WF2019-16.jpg\" alt=\"\" class=\"wp-image-13421\" srcset=\"https:\/\/www.haibach-donau.at\/wp-volksschule3\/wp-content\/uploads\/2019\/12\/WF2019-16.jpg 894w, https:\/\/www.haibach-donau.at\/wp-volksschule3\/wp-content\/uploads\/2019\/12\/WF2019-16-300x258.jpg 300w, https:\/\/www.haibach-donau.at\/wp-volksschule3\/wp-content\/uploads\/2019\/12\/WF2019-16-768x660.jpg 768w\" sizes=\"(max-width: 894px) 100vw, 894px\" \/><figcaption>&#8230;aufmerksame Zuh\u00f6rer !<br><\/figcaption><\/figure>\n\n\n\n<figure class=\"wp-block-image size-large\"><img loading=\"lazy\" decoding=\"async\" width=\"1024\" height=\"661\" src=\"http:\/\/www.haibach-donau.at\/wp-volksschule3\/wp-content\/uploads\/2019\/12\/WF2019-17.jpg\" alt=\"\" class=\"wp-image-13422\" srcset=\"https:\/\/www.haibach-donau.at\/wp-volksschule3\/wp-content\/uploads\/2019\/12\/WF2019-17.jpg 1024w, https:\/\/www.haibach-donau.at\/wp-volksschule3\/wp-content\/uploads\/2019\/12\/WF2019-17-300x194.jpg 300w, https:\/\/www.haibach-donau.at\/wp-volksschule3\/wp-content\/uploads\/2019\/12\/WF2019-17-768x496.jpg 768w\" sizes=\"(max-width: 1024px) 100vw, 1024px\" \/><\/figure>\n\n\n\n<figure class=\"wp-block-image size-large\"><img loading=\"lazy\" decoding=\"async\" width=\"1024\" height=\"630\" src=\"http:\/\/www.haibach-donau.at\/wp-volksschule3\/wp-content\/uploads\/2019\/12\/WF2019-18.jpg\" alt=\"\" class=\"wp-image-13423\" srcset=\"https:\/\/www.haibach-donau.at\/wp-volksschule3\/wp-content\/uploads\/2019\/12\/WF2019-18.jpg 1024w, https:\/\/www.haibach-donau.at\/wp-volksschule3\/wp-content\/uploads\/2019\/12\/WF2019-18-300x185.jpg 300w, https:\/\/www.haibach-donau.at\/wp-volksschule3\/wp-content\/uploads\/2019\/12\/WF2019-18-768x473.jpg 768w\" sizes=\"(max-width: 1024px) 100vw, 1024px\" \/><figcaption>&#8230;na, so zum F\u00fcrchten war diese Geschichte auch wieder nicht, oder ?<br><\/figcaption><\/figure>\n\n\n\n<figure class=\"wp-block-image size-large\"><img loading=\"lazy\" decoding=\"async\" width=\"1024\" height=\"585\" src=\"http:\/\/www.haibach-donau.at\/wp-volksschule3\/wp-content\/uploads\/2019\/12\/WF2019-20.jpg\" alt=\"\" class=\"wp-image-13425\" srcset=\"https:\/\/www.haibach-donau.at\/wp-volksschule3\/wp-content\/uploads\/2019\/12\/WF2019-20.jpg 1024w, https:\/\/www.haibach-donau.at\/wp-volksschule3\/wp-content\/uploads\/2019\/12\/WF2019-20-300x171.jpg 300w, https:\/\/www.haibach-donau.at\/wp-volksschule3\/wp-content\/uploads\/2019\/12\/WF2019-20-768x439.jpg 768w\" sizes=\"(max-width: 1024px) 100vw, 1024px\" \/><figcaption>Aufstellung zum Lichtertanz der 1. Klasse !<\/figcaption><\/figure>\n\n\n\n<figure class=\"wp-block-image size-large\"><img loading=\"lazy\" decoding=\"async\" width=\"1024\" height=\"739\" src=\"http:\/\/www.haibach-donau.at\/wp-volksschule3\/wp-content\/uploads\/2019\/12\/WF2019-21.jpg\" alt=\"\" class=\"wp-image-13426\" srcset=\"https:\/\/www.haibach-donau.at\/wp-volksschule3\/wp-content\/uploads\/2019\/12\/WF2019-21.jpg 1024w, https:\/\/www.haibach-donau.at\/wp-volksschule3\/wp-content\/uploads\/2019\/12\/WF2019-21-300x217.jpg 300w, https:\/\/www.haibach-donau.at\/wp-volksschule3\/wp-content\/uploads\/2019\/12\/WF2019-21-768x554.jpg 768w\" sizes=\"(max-width: 1024px) 100vw, 1024px\" \/><\/figure>\n\n\n\n<figure class=\"wp-block-image size-large\"><img loading=\"lazy\" decoding=\"async\" width=\"892\" height=\"768\" src=\"http:\/\/www.haibach-donau.at\/wp-volksschule3\/wp-content\/uploads\/2019\/12\/WF2019-5.jpg\" alt=\"\" class=\"wp-image-13410\" srcset=\"https:\/\/www.haibach-donau.at\/wp-volksschule3\/wp-content\/uploads\/2019\/12\/WF2019-5.jpg 892w, https:\/\/www.haibach-donau.at\/wp-volksschule3\/wp-content\/uploads\/2019\/12\/WF2019-5-300x258.jpg 300w, https:\/\/www.haibach-donau.at\/wp-volksschule3\/wp-content\/uploads\/2019\/12\/WF2019-5-768x661.jpg 768w\" sizes=\"(max-width: 892px) 100vw, 892px\" \/><figcaption>&#8222;Fr\u00f6hlich ist die Weihnachtszeit&#8220;  &#8211; ein Weihnachtslied aus Tschechien &#8230;von den Kindern der 4. Klasse.<\/figcaption><\/figure>\n\n\n\n<figure class=\"wp-block-image size-large\"><img loading=\"lazy\" decoding=\"async\" width=\"979\" height=\"768\" src=\"http:\/\/www.haibach-donau.at\/wp-volksschule3\/wp-content\/uploads\/2019\/12\/WF2019-7.jpg\" alt=\"\" class=\"wp-image-13412\" srcset=\"https:\/\/www.haibach-donau.at\/wp-volksschule3\/wp-content\/uploads\/2019\/12\/WF2019-7.jpg 979w, https:\/\/www.haibach-donau.at\/wp-volksschule3\/wp-content\/uploads\/2019\/12\/WF2019-7-300x235.jpg 300w, https:\/\/www.haibach-donau.at\/wp-volksschule3\/wp-content\/uploads\/2019\/12\/WF2019-7-768x602.jpg 768w\" sizes=\"(max-width: 979px) 100vw, 979px\" \/><\/figure>\n\n\n\n<figure class=\"wp-block-image size-large\"><img loading=\"lazy\" decoding=\"async\" width=\"1024\" height=\"518\" src=\"http:\/\/www.haibach-donau.at\/wp-volksschule3\/wp-content\/uploads\/2019\/12\/WF2019-2.jpg\" alt=\"\" class=\"wp-image-13407\" srcset=\"https:\/\/www.haibach-donau.at\/wp-volksschule3\/wp-content\/uploads\/2019\/12\/WF2019-2.jpg 1024w, https:\/\/www.haibach-donau.at\/wp-volksschule3\/wp-content\/uploads\/2019\/12\/WF2019-2-300x152.jpg 300w, https:\/\/www.haibach-donau.at\/wp-volksschule3\/wp-content\/uploads\/2019\/12\/WF2019-2-768x389.jpg 768w\" sizes=\"(max-width: 1024px) 100vw, 1024px\" \/><\/figure>\n\n\n\n<figure class=\"wp-block-image size-large\"><img loading=\"lazy\" decoding=\"async\" width=\"671\" height=\"768\" src=\"http:\/\/www.haibach-donau.at\/wp-volksschule3\/wp-content\/uploads\/2019\/12\/WF2019-19.jpg\" alt=\"\" class=\"wp-image-13424\" srcset=\"https:\/\/www.haibach-donau.at\/wp-volksschule3\/wp-content\/uploads\/2019\/12\/WF2019-19.jpg 671w, https:\/\/www.haibach-donau.at\/wp-volksschule3\/wp-content\/uploads\/2019\/12\/WF2019-19-262x300.jpg 262w\" sizes=\"(max-width: 671px) 100vw, 671px\" \/><figcaption>&#8222;Hurra, es hat geschneit&#8220; &#8211; dieses Lied werden wir auch &#8230;<br><\/figcaption><\/figure>\n\n\n\n<figure class=\"wp-block-image size-large\"><img loading=\"lazy\" decoding=\"async\" width=\"1024\" height=\"452\" src=\"http:\/\/www.haibach-donau.at\/wp-volksschule3\/wp-content\/uploads\/2019\/12\/WF2019-13.jpg\" alt=\"\" class=\"wp-image-13418\" srcset=\"https:\/\/www.haibach-donau.at\/wp-volksschule3\/wp-content\/uploads\/2019\/12\/WF2019-13.jpg 1024w, https:\/\/www.haibach-donau.at\/wp-volksschule3\/wp-content\/uploads\/2019\/12\/WF2019-13-300x132.jpg 300w, https:\/\/www.haibach-donau.at\/wp-volksschule3\/wp-content\/uploads\/2019\/12\/WF2019-13-768x339.jpg 768w\" sizes=\"(max-width: 1024px) 100vw, 1024px\" \/><figcaption> &#8230; beim Bezirksjugendsingen im J\u00e4nner singen. <\/figcaption><\/figure>\n\n\n\n<figure class=\"wp-block-image size-large\"><img loading=\"lazy\" decoding=\"async\" width=\"863\" height=\"719\" src=\"http:\/\/www.haibach-donau.at\/wp-volksschule3\/wp-content\/uploads\/2019\/12\/WF2019-4.jpg\" alt=\"\" class=\"wp-image-13409\" srcset=\"https:\/\/www.haibach-donau.at\/wp-volksschule3\/wp-content\/uploads\/2019\/12\/WF2019-4.jpg 863w, https:\/\/www.haibach-donau.at\/wp-volksschule3\/wp-content\/uploads\/2019\/12\/WF2019-4-300x250.jpg 300w, https:\/\/www.haibach-donau.at\/wp-volksschule3\/wp-content\/uploads\/2019\/12\/WF2019-4-768x640.jpg 768w\" sizes=\"(max-width: 863px) 100vw, 863px\" \/><figcaption>Unser letztes St\u00fcck &#8211; &#8222;Es wird scho glei dumpa&#8220; &#8211;  begleitet von zwei sehr t\u00fcchtigen Vierkl\u00e4sslern&#8230;<\/figcaption><\/figure>\n\n\n\n<figure class=\"wp-block-image size-large\"><img loading=\"lazy\" decoding=\"async\" width=\"1024\" height=\"650\" src=\"http:\/\/www.haibach-donau.at\/wp-volksschule3\/wp-content\/uploads\/2019\/12\/WF2019-8-1.jpg\" alt=\"\" class=\"wp-image-13430\" srcset=\"https:\/\/www.haibach-donau.at\/wp-volksschule3\/wp-content\/uploads\/2019\/12\/WF2019-8-1.jpg 1024w, https:\/\/www.haibach-donau.at\/wp-volksschule3\/wp-content\/uploads\/2019\/12\/WF2019-8-1-300x190.jpg 300w, https:\/\/www.haibach-donau.at\/wp-volksschule3\/wp-content\/uploads\/2019\/12\/WF2019-8-1-768x488.jpg 768w\" sizes=\"(max-width: 1024px) 100vw, 1024px\" \/><figcaption>&#8230;und damit endete unsere kleine, interne Weihnachtsfeier !<\/figcaption><\/figure>\n\n\n\n\n\n<p><\/p>\n","protected":false},"excerpt":{"rendered":"","protected":false},"author":2,"featured_media":0,"comment_status":"open","ping_status":"closed","sticky":false,"template":"","format":"standard","meta":{"footnotes":""},"categories":[15],"tags":[],"_links":{"self":[{"href":"https:\/\/www.haibach-donau.at\/wp-volksschule3\/index.php?rest_route=\/wp\/v2\/posts\/13405"}],"collection":[{"href":"https:\/\/www.haibach-donau.at\/wp-volksschule3\/index.php?rest_route=\/wp\/v2\/posts"}],"about":[{"href":"https:\/\/www.haibach-donau.at\/wp-volksschule3\/index.php?rest_route=\/wp\/v2\/types\/post"}],"author":[{"embeddable":true,"href":"https:\/\/www.haibach-donau.at\/wp-volksschule3\/index.php?rest_route=\/wp\/v2\/users\/2"}],"replies":[{"embeddable":true,"href":"https:\/\/www.haibach-donau.at\/wp-volksschule3\/index.php?rest_route=%2Fwp%2Fv2%2Fcomments&post=13405"}],"version-history":[{"count":2,"href":"https:\/\/www.haibach-donau.at\/wp-volksschule3\/index.php?rest_route=\/wp\/v2\/posts\/13405\/revisions"}],"predecessor-version":[{"id":13433,"href":"https:\/\/www.haibach-donau.at\/wp-volksschule3\/index.php?rest_route=\/wp\/v2\/posts\/13405\/revisions\/13433"}],"wp:attachment":[{"href":"https:\/\/www.haibach-donau.at\/wp-volksschule3\/index.php?rest_route=%2Fwp%2Fv2%2Fmedia&parent=13405"}],"wp:term":[{"taxonomy":"category","embeddable":true,"href":"https:\/\/www.haibach-donau.at\/wp-volksschule3\/index.php?rest_route=%2Fwp%2Fv2%2Fcategories&post=13405"},{"taxonomy":"post_tag","embeddable":true,"href":"https:\/\/www.haibach-donau.at\/wp-volksschule3\/index.php?rest_route=%2Fwp%2Fv2%2Ftags&post=13405"}],"curies":[{"name":"wp","href":"https:\/\/api.w.org\/{rel}","templated":true}]}}