{"id":12991,"date":"2019-09-10T20:49:14","date_gmt":"2019-09-10T19:49:14","guid":{"rendered":"http:\/\/www.haibach-donau.at\/wp-volksschule3\/?p=12991"},"modified":"2019-11-29T20:54:23","modified_gmt":"2019-11-29T19:54:23","slug":"schulbeginn-der-tafelklassler","status":"publish","type":"post","link":"https:\/\/www.haibach-donau.at\/wp-volksschule3\/?p=12991","title":{"rendered":"Schulbeginn der &#8222;Tafelklassler&#8220;"},"content":{"rendered":"\n<figure class=\"wp-block-image\"><img loading=\"lazy\" decoding=\"async\" width=\"150\" height=\"150\" src=\"http:\/\/www.haibach-donau.at\/wp-volksschule3\/wp-content\/uploads\/2019\/09\/1-9-150x150.jpg\" alt=\"\" class=\"wp-image-12992\"\/><figcaption>Am 9. September war es wieder so weit: F\u00fcr 11 Sch\u00fclerInnen begann die Schulzeit an der VS Haibach&#8230;<br><\/figcaption><\/figure>\n\n\n\n<!--more-->\n\n\n\n<figure class=\"wp-block-image\"><img loading=\"lazy\" decoding=\"async\" width=\"1024\" height=\"761\" src=\"http:\/\/www.haibach-donau.at\/wp-volksschule3\/wp-content\/uploads\/2019\/09\/1-3-1024x761.jpg\" alt=\"\" class=\"wp-image-12993\" srcset=\"https:\/\/www.haibach-donau.at\/wp-volksschule3\/wp-content\/uploads\/2019\/09\/1-3.jpg 1024w, https:\/\/www.haibach-donau.at\/wp-volksschule3\/wp-content\/uploads\/2019\/09\/1-3-300x223.jpg 300w, https:\/\/www.haibach-donau.at\/wp-volksschule3\/wp-content\/uploads\/2019\/09\/1-3-768x571.jpg 768w\" sizes=\"(max-width: 1024px) 100vw, 1024px\" \/><figcaption>Nun konnten unsere Erstkl\u00e4ssler endlich mit ihren Lehrerinnen in die Klasse spazieren.<\/figcaption><\/figure>\n\n\n\n<figure class=\"wp-block-image\"><img loading=\"lazy\" decoding=\"async\" width=\"1024\" height=\"533\" src=\"http:\/\/www.haibach-donau.at\/wp-volksschule3\/wp-content\/uploads\/2019\/09\/1-5-1024x533.jpg\" alt=\"\" class=\"wp-image-12994\" srcset=\"https:\/\/www.haibach-donau.at\/wp-volksschule3\/wp-content\/uploads\/2019\/09\/1-5.jpg 1024w, https:\/\/www.haibach-donau.at\/wp-volksschule3\/wp-content\/uploads\/2019\/09\/1-5-300x156.jpg 300w, https:\/\/www.haibach-donau.at\/wp-volksschule3\/wp-content\/uploads\/2019\/09\/1-5-768x400.jpg 768w\" sizes=\"(max-width: 1024px) 100vw, 1024px\" \/><figcaption>Ganz aufmerksam&#8230;<\/figcaption><\/figure>\n\n\n\n<figure class=\"wp-block-image\"><img loading=\"lazy\" decoding=\"async\" width=\"1024\" height=\"669\" src=\"http:\/\/www.haibach-donau.at\/wp-volksschule3\/wp-content\/uploads\/2019\/09\/1-6-1024x669.jpg\" alt=\"\" class=\"wp-image-12995\" srcset=\"https:\/\/www.haibach-donau.at\/wp-volksschule3\/wp-content\/uploads\/2019\/09\/1-6.jpg 1024w, https:\/\/www.haibach-donau.at\/wp-volksschule3\/wp-content\/uploads\/2019\/09\/1-6-300x196.jpg 300w, https:\/\/www.haibach-donau.at\/wp-volksschule3\/wp-content\/uploads\/2019\/09\/1-6-768x502.jpg 768w\" sizes=\"(max-width: 1024px) 100vw, 1024px\" \/><figcaption>&#8230;und konzentriert&#8230;<\/figcaption><\/figure>\n\n\n\n<figure class=\"wp-block-image\"><img loading=\"lazy\" decoding=\"async\" width=\"1024\" height=\"509\" src=\"http:\/\/www.haibach-donau.at\/wp-volksschule3\/wp-content\/uploads\/2019\/09\/1-4-1024x509.jpg\" alt=\"\" class=\"wp-image-12996\" srcset=\"https:\/\/www.haibach-donau.at\/wp-volksschule3\/wp-content\/uploads\/2019\/09\/1-4.jpg 1024w, https:\/\/www.haibach-donau.at\/wp-volksschule3\/wp-content\/uploads\/2019\/09\/1-4-300x149.jpg 300w, https:\/\/www.haibach-donau.at\/wp-volksschule3\/wp-content\/uploads\/2019\/09\/1-4-768x382.jpg 768w\" sizes=\"(max-width: 1024px) 100vw, 1024px\" \/><figcaption>&#8230;lauschten sie den Worten ihrer Lehrerinnen&#8230;<\/figcaption><\/figure>\n\n\n\n<figure class=\"wp-block-image\"><img loading=\"lazy\" decoding=\"async\" width=\"879\" height=\"768\" src=\"http:\/\/www.haibach-donau.at\/wp-volksschule3\/wp-content\/uploads\/2019\/09\/1-2.jpg\" alt=\"\" class=\"wp-image-12997\" srcset=\"https:\/\/www.haibach-donau.at\/wp-volksschule3\/wp-content\/uploads\/2019\/09\/1-2.jpg 879w, https:\/\/www.haibach-donau.at\/wp-volksschule3\/wp-content\/uploads\/2019\/09\/1-2-300x262.jpg 300w, https:\/\/www.haibach-donau.at\/wp-volksschule3\/wp-content\/uploads\/2019\/09\/1-2-768x671.jpg 768w\" sizes=\"(max-width: 879px) 100vw, 879px\" \/><figcaption>&#8230;Chiara Sommer und Susanne Weinlich.<\/figcaption><\/figure>\n\n\n\n<figure class=\"wp-block-image\"><img loading=\"lazy\" decoding=\"async\" width=\"1024\" height=\"620\" src=\"http:\/\/www.haibach-donau.at\/wp-volksschule3\/wp-content\/uploads\/2019\/09\/1-1-1024x620.jpg\" alt=\"\" class=\"wp-image-12998\" srcset=\"https:\/\/www.haibach-donau.at\/wp-volksschule3\/wp-content\/uploads\/2019\/09\/1-1.jpg 1024w, https:\/\/www.haibach-donau.at\/wp-volksschule3\/wp-content\/uploads\/2019\/09\/1-1-300x182.jpg 300w, https:\/\/www.haibach-donau.at\/wp-volksschule3\/wp-content\/uploads\/2019\/09\/1-1-768x465.jpg 768w\" sizes=\"(max-width: 1024px) 100vw, 1024px\" \/><figcaption>Auch die Eltern durften noch einige Zeit in der Klasse verweilen.<\/figcaption><\/figure>\n\n\n\n<figure class=\"wp-block-image\"><img loading=\"lazy\" decoding=\"async\" width=\"1024\" height=\"679\" src=\"http:\/\/www.haibach-donau.at\/wp-volksschule3\/wp-content\/uploads\/2019\/09\/1-7-1024x679.jpg\" alt=\"\" class=\"wp-image-12999\" srcset=\"https:\/\/www.haibach-donau.at\/wp-volksschule3\/wp-content\/uploads\/2019\/09\/1-7.jpg 1024w, https:\/\/www.haibach-donau.at\/wp-volksschule3\/wp-content\/uploads\/2019\/09\/1-7-300x199.jpg 300w, https:\/\/www.haibach-donau.at\/wp-volksschule3\/wp-content\/uploads\/2019\/09\/1-7-768x509.jpg 768w\" sizes=\"(max-width: 1024px) 100vw, 1024px\" \/><figcaption>Aber schon bald wurden diese von ihren Kindern nach drau\u00dfen &#8222;bef\u00f6rdert&#8220; &#8211; &#8222;Schule ist nur etwas f\u00fcr Kinder !&#8220;<\/figcaption><\/figure>\n\n\n\n<figure class=\"wp-block-image\"><img loading=\"lazy\" decoding=\"async\" width=\"785\" height=\"768\" src=\"http:\/\/www.haibach-donau.at\/wp-volksschule3\/wp-content\/uploads\/2019\/09\/1-8.jpg\" alt=\"\" class=\"wp-image-13000\" srcset=\"https:\/\/www.haibach-donau.at\/wp-volksschule3\/wp-content\/uploads\/2019\/09\/1-8.jpg 785w, https:\/\/www.haibach-donau.at\/wp-volksschule3\/wp-content\/uploads\/2019\/09\/1-8-300x294.jpg 300w, https:\/\/www.haibach-donau.at\/wp-volksschule3\/wp-content\/uploads\/2019\/09\/1-8-768x751.jpg 768w\" sizes=\"(max-width: 785px) 100vw, 785px\" \/><figcaption>Der Rabe, den die Kinder schon im Juli kennengelernt hatten, beobachtete alles ganz genau &#8211; und war wohl ein bisschen traurig, dass dieser 1. Schultag  so verregnet war, aber: <br>Bald werden wir Neues von ihm h\u00f6ren !<\/figcaption><\/figure>\n\n\n\n<figure class=\"wp-block-image\"><img loading=\"lazy\" decoding=\"async\" width=\"819\" height=\"768\" src=\"http:\/\/www.haibach-donau.at\/wp-volksschule3\/wp-content\/uploads\/2019\/09\/1-9-1.jpg\" alt=\"\" class=\"wp-image-13001\" srcset=\"https:\/\/www.haibach-donau.at\/wp-volksschule3\/wp-content\/uploads\/2019\/09\/1-9-1.jpg 819w, https:\/\/www.haibach-donau.at\/wp-volksschule3\/wp-content\/uploads\/2019\/09\/1-9-1-300x281.jpg 300w, https:\/\/www.haibach-donau.at\/wp-volksschule3\/wp-content\/uploads\/2019\/09\/1-9-1-768x720.jpg 768w\" sizes=\"(max-width: 819px) 100vw, 819px\" \/><figcaption>Nachdem die Kinder kleine Schult\u00fcten erhalten hatten, hie\u00df es auch schon wieder:<br>Die Schule ist aus !<br>Bis morgen, Kinder &#8211; da geht\u00b4s dann so richtig los.<br>Eure Lehrerinnen freuen sich schon auf euch !<\/figcaption><\/figure>\n","protected":false},"excerpt":{"rendered":"","protected":false},"author":9,"featured_media":0,"comment_status":"open","ping_status":"closed","sticky":false,"template":"","format":"standard","meta":{"footnotes":""},"categories":[15],"tags":[],"_links":{"self":[{"href":"https:\/\/www.haibach-donau.at\/wp-volksschule3\/index.php?rest_route=\/wp\/v2\/posts\/12991"}],"collection":[{"href":"https:\/\/www.haibach-donau.at\/wp-volksschule3\/index.php?rest_route=\/wp\/v2\/posts"}],"about":[{"href":"https:\/\/www.haibach-donau.at\/wp-volksschule3\/index.php?rest_route=\/wp\/v2\/types\/post"}],"author":[{"embeddable":true,"href":"https:\/\/www.haibach-donau.at\/wp-volksschule3\/index.php?rest_route=\/wp\/v2\/users\/9"}],"replies":[{"embeddable":true,"href":"https:\/\/www.haibach-donau.at\/wp-volksschule3\/index.php?rest_route=%2Fwp%2Fv2%2Fcomments&post=12991"}],"version-history":[{"count":2,"href":"https:\/\/www.haibach-donau.at\/wp-volksschule3\/index.php?rest_route=\/wp\/v2\/posts\/12991\/revisions"}],"predecessor-version":[{"id":13003,"href":"https:\/\/www.haibach-donau.at\/wp-volksschule3\/index.php?rest_route=\/wp\/v2\/posts\/12991\/revisions\/13003"}],"wp:attachment":[{"href":"https:\/\/www.haibach-donau.at\/wp-volksschule3\/index.php?rest_route=%2Fwp%2Fv2%2Fmedia&parent=12991"}],"wp:term":[{"taxonomy":"category","embeddable":true,"href":"https:\/\/www.haibach-donau.at\/wp-volksschule3\/index.php?rest_route=%2Fwp%2Fv2%2Fcategories&post=12991"},{"taxonomy":"post_tag","embeddable":true,"href":"https:\/\/www.haibach-donau.at\/wp-volksschule3\/index.php?rest_route=%2Fwp%2Fv2%2Ftags&post=12991"}],"curies":[{"name":"wp","href":"https:\/\/api.w.org\/{rel}","templated":true}]}}