{"id":12762,"date":"2019-07-04T19:59:29","date_gmt":"2019-07-04T18:59:29","guid":{"rendered":"http:\/\/www.haibach-donau.at\/wp-volksschule3\/?p=12762"},"modified":"2019-07-06T11:10:52","modified_gmt":"2019-07-06T10:10:52","slug":"hereinspaziert-in-unsere-schule-liebe-kinder","status":"publish","type":"post","link":"https:\/\/www.haibach-donau.at\/wp-volksschule3\/?p=12762","title":{"rendered":"Hereinspaziert in unsere Schule, liebe Kinder !"},"content":{"rendered":"<p><a href=\"http:\/\/www.haibach-donau.at\/wp-volksschule3\/?attachment_id=12765#main\" rel=\"attachment wp-att-12765\"><img loading=\"lazy\" decoding=\"async\" class=\"alignnone size-thumbnail wp-image-12765\" src=\"http:\/\/www.haibach-donau.at\/wp-volksschule3\/wp-content\/uploads\/2019\/07\/SA-2019-3-150x150.jpg\" alt=\"\" width=\"150\" height=\"150\" \/><\/a> Am vorletzten Schultag war es f\u00fcr unsere 10 Schulanf\u00e4ngerInnen soweit&#8230;<\/p>\n<p><!--more--><\/p>\n<p><a href=\"http:\/\/www.haibach-donau.at\/wp-volksschule3\/?attachment_id=12763#main\" rel=\"attachment wp-att-12763\"><img loading=\"lazy\" decoding=\"async\" class=\"alignnone size-large wp-image-12763\" src=\"http:\/\/www.haibach-donau.at\/wp-volksschule3\/wp-content\/uploads\/2019\/07\/SA-2019-1-1024x612.jpg\" alt=\"\" width=\"1024\" height=\"612\" srcset=\"https:\/\/www.haibach-donau.at\/wp-volksschule3\/wp-content\/uploads\/2019\/07\/SA-2019-1.jpg 1024w, https:\/\/www.haibach-donau.at\/wp-volksschule3\/wp-content\/uploads\/2019\/07\/SA-2019-1-300x179.jpg 300w, https:\/\/www.haibach-donau.at\/wp-volksschule3\/wp-content\/uploads\/2019\/07\/SA-2019-1-768x459.jpg 768w\" sizes=\"(max-width: 1024px) 100vw, 1024px\" \/><\/a><\/p>\n<p>&#8230;die Kindergartenp\u00e4dagoginnen &#8222;\u00fcbergaben&#8220; ihre Sch\u00fctzlinge an die Schule ! Zu Beginn schauten einige noch ein bisschen skeptisch drein&#8230;<\/p>\n<p><a href=\"http:\/\/www.haibach-donau.at\/wp-volksschule3\/?attachment_id=12764#main\" rel=\"attachment wp-att-12764\"><img loading=\"lazy\" decoding=\"async\" class=\"alignnone size-full wp-image-12764\" src=\"http:\/\/www.haibach-donau.at\/wp-volksschule3\/wp-content\/uploads\/2019\/07\/SA-2019-2.jpg\" alt=\"\" width=\"926\" height=\"768\" srcset=\"https:\/\/www.haibach-donau.at\/wp-volksschule3\/wp-content\/uploads\/2019\/07\/SA-2019-2.jpg 926w, https:\/\/www.haibach-donau.at\/wp-volksschule3\/wp-content\/uploads\/2019\/07\/SA-2019-2-300x249.jpg 300w, https:\/\/www.haibach-donau.at\/wp-volksschule3\/wp-content\/uploads\/2019\/07\/SA-2019-2-768x637.jpg 768w\" sizes=\"(max-width: 926px) 100vw, 926px\" \/><\/a><\/p>\n<p>&#8230;aber als die Frau Lehrerin dann ihren Raben vorstellte, war das &#8222;Eis gebrochen&#8220;&#8230;dieser, leider schwarze Rabe, wird genauso wie die Schulanf\u00e4ngerInnen im Herbst zum 1. Mal in die Schule kommen&#8230;und die Lehrerin versprach den Kindern, dass sie schon ganz zu Beginn die Geschichte von den &#8222;bunten Raben&#8220; vorlesen w\u00fcrde&#8230;<\/p>\n<p><a href=\"http:\/\/www.haibach-donau.at\/wp-volksschule3\/?attachment_id=12765#main\" rel=\"attachment wp-att-12765\"><img loading=\"lazy\" decoding=\"async\" class=\"alignnone size-large wp-image-12765\" src=\"http:\/\/www.haibach-donau.at\/wp-volksschule3\/wp-content\/uploads\/2019\/07\/SA-2019-3-1024x737.jpg\" alt=\"\" width=\"1024\" height=\"737\" srcset=\"https:\/\/www.haibach-donau.at\/wp-volksschule3\/wp-content\/uploads\/2019\/07\/SA-2019-3.jpg 1024w, https:\/\/www.haibach-donau.at\/wp-volksschule3\/wp-content\/uploads\/2019\/07\/SA-2019-3-300x216.jpg 300w, https:\/\/www.haibach-donau.at\/wp-volksschule3\/wp-content\/uploads\/2019\/07\/SA-2019-3-768x553.jpg 768w\" sizes=\"(max-width: 1024px) 100vw, 1024px\" \/><\/a><\/p>\n<p>Danach erhielt noch jedes Kind von Frau Sommer und Frau Ludwig einen Brief mit den ben\u00f6tigten Schulsachen und auch einen bunten Farbstift f\u00fcr die neue Federschachtel.<\/p>\n<p><a href=\"http:\/\/www.haibach-donau.at\/wp-volksschule3\/?attachment_id=12767#main\" rel=\"attachment wp-att-12767\"><img loading=\"lazy\" decoding=\"async\" class=\"alignnone size-large wp-image-12767\" src=\"http:\/\/www.haibach-donau.at\/wp-volksschule3\/wp-content\/uploads\/2019\/07\/SA-2019-5-1024x691.jpg\" alt=\"\" width=\"1024\" height=\"691\" srcset=\"https:\/\/www.haibach-donau.at\/wp-volksschule3\/wp-content\/uploads\/2019\/07\/SA-2019-5.jpg 1024w, https:\/\/www.haibach-donau.at\/wp-volksschule3\/wp-content\/uploads\/2019\/07\/SA-2019-5-300x202.jpg 300w, https:\/\/www.haibach-donau.at\/wp-volksschule3\/wp-content\/uploads\/2019\/07\/SA-2019-5-768x518.jpg 768w\" sizes=\"(max-width: 1024px) 100vw, 1024px\" \/><\/a><\/p>\n<p>Auch eine erste, kleine Haus\u00fcbung wurde ihnen aufgetragen &#8211; wir sind schon gespannt, wie die Raben, die die Kinder im Herbst mitbringen, aussehen werden.<\/p>\n<p><a href=\"http:\/\/www.haibach-donau.at\/wp-volksschule3\/?attachment_id=12768#main\" rel=\"attachment wp-att-12768\"><img loading=\"lazy\" decoding=\"async\" class=\"alignnone size-full wp-image-12768\" src=\"http:\/\/www.haibach-donau.at\/wp-volksschule3\/wp-content\/uploads\/2019\/07\/SA-2019-6.jpg\" alt=\"\" width=\"1023\" height=\"768\" srcset=\"https:\/\/www.haibach-donau.at\/wp-volksschule3\/wp-content\/uploads\/2019\/07\/SA-2019-6.jpg 1023w, https:\/\/www.haibach-donau.at\/wp-volksschule3\/wp-content\/uploads\/2019\/07\/SA-2019-6-300x225.jpg 300w, https:\/\/www.haibach-donau.at\/wp-volksschule3\/wp-content\/uploads\/2019\/07\/SA-2019-6-768x577.jpg 768w\" sizes=\"(max-width: 1023px) 100vw, 1023px\" \/><\/a><\/p>\n<p>Im Schulgarten wurden noch Erinnerungsfotos gemacht&#8230;<\/p>\n<p><a href=\"http:\/\/www.haibach-donau.at\/wp-volksschule3\/?attachment_id=12769#main\" rel=\"attachment wp-att-12769\"><img loading=\"lazy\" decoding=\"async\" class=\"alignnone size-large wp-image-12769\" src=\"http:\/\/www.haibach-donau.at\/wp-volksschule3\/wp-content\/uploads\/2019\/07\/SA-2019-7-1024x498.jpg\" alt=\"\" width=\"1024\" height=\"498\" srcset=\"https:\/\/www.haibach-donau.at\/wp-volksschule3\/wp-content\/uploads\/2019\/07\/SA-2019-7.jpg 1024w, https:\/\/www.haibach-donau.at\/wp-volksschule3\/wp-content\/uploads\/2019\/07\/SA-2019-7-300x146.jpg 300w, https:\/\/www.haibach-donau.at\/wp-volksschule3\/wp-content\/uploads\/2019\/07\/SA-2019-7-768x374.jpg 768w\" sizes=\"(max-width: 1024px) 100vw, 1024px\" \/><\/a><\/p>\n<p>&#8230;und nun freuen sich schon alle sehr auf den 9. September, den ersten Schultag !<\/p>\n","protected":false},"excerpt":{"rendered":"<p>Am vorletzten Schultag war es f\u00fcr unsere 10 Schulanf\u00e4ngerInnen soweit&#8230;<\/p>\n","protected":false},"author":2,"featured_media":0,"comment_status":"open","ping_status":"closed","sticky":false,"template":"","format":"standard","meta":{"footnotes":""},"categories":[13],"tags":[],"_links":{"self":[{"href":"https:\/\/www.haibach-donau.at\/wp-volksschule3\/index.php?rest_route=\/wp\/v2\/posts\/12762"}],"collection":[{"href":"https:\/\/www.haibach-donau.at\/wp-volksschule3\/index.php?rest_route=\/wp\/v2\/posts"}],"about":[{"href":"https:\/\/www.haibach-donau.at\/wp-volksschule3\/index.php?rest_route=\/wp\/v2\/types\/post"}],"author":[{"embeddable":true,"href":"https:\/\/www.haibach-donau.at\/wp-volksschule3\/index.php?rest_route=\/wp\/v2\/users\/2"}],"replies":[{"embeddable":true,"href":"https:\/\/www.haibach-donau.at\/wp-volksschule3\/index.php?rest_route=%2Fwp%2Fv2%2Fcomments&post=12762"}],"version-history":[{"count":1,"href":"https:\/\/www.haibach-donau.at\/wp-volksschule3\/index.php?rest_route=\/wp\/v2\/posts\/12762\/revisions"}],"predecessor-version":[{"id":12770,"href":"https:\/\/www.haibach-donau.at\/wp-volksschule3\/index.php?rest_route=\/wp\/v2\/posts\/12762\/revisions\/12770"}],"wp:attachment":[{"href":"https:\/\/www.haibach-donau.at\/wp-volksschule3\/index.php?rest_route=%2Fwp%2Fv2%2Fmedia&parent=12762"}],"wp:term":[{"taxonomy":"category","embeddable":true,"href":"https:\/\/www.haibach-donau.at\/wp-volksschule3\/index.php?rest_route=%2Fwp%2Fv2%2Fcategories&post=12762"},{"taxonomy":"post_tag","embeddable":true,"href":"https:\/\/www.haibach-donau.at\/wp-volksschule3\/index.php?rest_route=%2Fwp%2Fv2%2Ftags&post=12762"}],"curies":[{"name":"wp","href":"https:\/\/api.w.org\/{rel}","templated":true}]}}